{"id":1592,"date":"2015-10-12T23:13:37","date_gmt":"2015-10-12T22:13:37","guid":{"rendered":"http:\/\/trail.camadeira.com\/?p=1592"},"modified":"2015-10-14T04:30:31","modified_gmt":"2015-10-14T03:30:31","slug":"3-a-edicao-do-trail-de-santa-cruz-agendada-para-4-de-setembro-de-2016","status":"publish","type":"post","link":"http:\/\/trail.camadeira.com\/?p=1592","title":{"rendered":"3.\u00aa Edi\u00e7\u00e3o do TRAIL de SANTA CRUZ agendada para 4 de setembro de 2016"},"content":{"rendered":"<p>Marca na tua agenda! Se n\u00e3o participaste em \u00a0em 2015, para o ano 2016, novos desafios e novas \u00e1reas a visitar na Natureza de Santa Cruz &#8211; 4 de setembro de 2016 nas serras de Santa Cruz.<\/p>\n<p><a href=\"http:\/\/trail.camadeira.com\/wp-content\/uploads\/2015\/10\/IMG_0271.jpg\"><img loading=\"lazy\" class=\"aligncenter wp-image-1593\" src=\"http:\/\/trail.camadeira.com\/wp-content\/uploads\/2015\/10\/IMG_0271-1024x710.jpg\" alt=\"IMG_0271\" width=\"720\" height=\"499\" srcset=\"http:\/\/trail.camadeira.com\/wp-content\/uploads\/2015\/10\/IMG_0271.jpg 1024w, http:\/\/trail.camadeira.com\/wp-content\/uploads\/2015\/10\/IMG_0271-300x208.jpg 300w\" sizes=\"(max-width: 720px) 100vw, 720px\" \/><\/a><\/p>\n","protected":false},"excerpt":{"rendered":"<p>Marca na tua agenda! Se n\u00e3o participaste em \u00a0em 2015, para o ano 2016, novos desafios e novas \u00e1reas a visitar na Natureza de Santa Cruz &#8211; 4 de setembro de 2016 nas serras de Santa Cruz.<\/p>\n","protected":false},"author":1,"featured_media":0,"comment_status":"closed","ping_status":"closed","sticky":false,"template":"","format":"standard","meta":[],"categories":[1],"tags":[],"_links":{"self":[{"href":"http:\/\/trail.camadeira.com\/index.php?rest_route=\/wp\/v2\/posts\/1592"}],"collection":[{"href":"http:\/\/trail.camadeira.com\/index.php?rest_route=\/wp\/v2\/posts"}],"about":[{"href":"http:\/\/trail.camadeira.com\/index.php?rest_route=\/wp\/v2\/types\/post"}],"author":[{"embeddable":true,"href":"http:\/\/trail.camadeira.com\/index.php?rest_route=\/wp\/v2\/users\/1"}],"replies":[{"embeddable":true,"href":"http:\/\/trail.camadeira.com\/index.php?rest_route=%2Fwp%2Fv2%2Fcomments&post=1592"}],"version-history":[{"count":2,"href":"http:\/\/trail.camadeira.com\/index.php?rest_route=\/wp\/v2\/posts\/1592\/revisions"}],"predecessor-version":[{"id":1595,"href":"http:\/\/trail.camadeira.com\/index.php?rest_route=\/wp\/v2\/posts\/1592\/revisions\/1595"}],"wp:attachment":[{"href":"http:\/\/trail.camadeira.com\/index.php?rest_route=%2Fwp%2Fv2%2Fmedia&parent=1592"}],"wp:term":[{"taxonomy":"category","embeddable":true,"href":"http:\/\/trail.camadeira.com\/index.php?rest_route=%2Fwp%2Fv2%2Fcategories&post=1592"},{"taxonomy":"post_tag","embeddable":true,"href":"http:\/\/trail.camadeira.com\/index.php?rest_route=%2Fwp%2Fv2%2Ftags&post=1592"}],"curies":[{"name":"wp","href":"https:\/\/api.w.org\/{rel}","templated":true}]}}