{"id":1526,"date":"2015-10-03T20:19:01","date_gmt":"2015-10-03T19:19:01","guid":{"rendered":"http:\/\/trail.camadeira.com\/?p=1526"},"modified":"2015-10-04T16:59:44","modified_gmt":"2015-10-04T15:59:44","slug":"tiago-silva-e-susana-lourenco-vencem-trail-running-nas-serras-de-santa-cruz","status":"publish","type":"post","link":"http:\/\/trail.camadeira.com\/?p=1526","title":{"rendered":"SANTA CRUZ Madeira Trail Series &#8211; Tiago Silva e Susana Louren\u00e7o vencem nas serras de Santa Cruz"},"content":{"rendered":"<p><strong>Mais de quatro centenas de entusiastas do Trail Running\u00a0conclu\u00edram\u00a0a sua prova, percorrendo caminhos, veredas e \u00e1reas florestais do\u00a0concelho de Santa Cruz<\/strong><\/p>\n<p>A <a href=\"https:\/\/www.facebook.com\/JuntaSantodaSerra\" target=\"_blank\">Freguesia de Santo Ant\u00f3nio da Serra<\/a> recebeu a primeira prova do Madeira Trail Series, que partilhou alguns recantos naturais do concelho de Santa Cruz. A levada da Serra e toda a vegeta\u00e7\u00e3o envolvente, \u00e1reas de urzais e zonas florestais no Ch\u00e3o das Aboboreiras foram alguns atrativos ao longo do percurso que alternava entre zonas de corrida f\u00e1cil e algumas passagens t\u00e9cnicas.<\/p>\n<p><a href=\"http:\/\/trail.camadeira.com\/wp-content\/uploads\/2015\/10\/IMG_0238.jpg\"><img loading=\"lazy\" class=\"aligncenter wp-image-1557\" src=\"http:\/\/trail.camadeira.com\/wp-content\/uploads\/2015\/10\/IMG_0238-1024x683.jpg\" alt=\"IMG_0238\" width=\"687\" height=\"458\" srcset=\"http:\/\/trail.camadeira.com\/wp-content\/uploads\/2015\/10\/IMG_0238.jpg 1024w, http:\/\/trail.camadeira.com\/wp-content\/uploads\/2015\/10\/IMG_0238-300x200.jpg 300w\" sizes=\"(max-width: 687px) 100vw, 687px\" \/><\/a><\/p>\n<p>Duas dist\u00e2ncias estiveram em disputa, a prova principal com 23km de Trail Running com 900 metros de desn\u00edvel positivo acumulado e o Trail Curto com 11km de extens\u00e3o e 200m D+.<\/p>\n<p>A organiza\u00e7\u00e3o estabeleceu o centro do evento junto a igreja de Santo Ant\u00f3nio da Serra, e foi num ambiente de festa que o p\u00fablico presente foi recebendo a chegada dos participantes, o primeiro dos quais Tiago Silva (ADRAP) que vai somando vit\u00f3rias nas provas de Trail Running que tem participado. Susana Louren\u00e7o (Clube de Montanha do Funchal) venceu a geral feminina, confirmando a evolu\u00e7\u00e3o dos seus resultados neste tipo de provas.<\/p>\n<p><a href=\"http:\/\/trail.camadeira.com\/wp-content\/uploads\/2015\/10\/DSC07323.jpg\"><img loading=\"lazy\" class=\"aligncenter wp-image-1527\" src=\"http:\/\/trail.camadeira.com\/wp-content\/uploads\/2015\/10\/DSC07323-1024x768.jpg\" alt=\"DSC07323\" width=\"692\" height=\"519\" srcset=\"http:\/\/trail.camadeira.com\/wp-content\/uploads\/2015\/10\/DSC07323.jpg 1024w, http:\/\/trail.camadeira.com\/wp-content\/uploads\/2015\/10\/DSC07323-300x225.jpg 300w\" sizes=\"(max-width: 692px) 100vw, 692px\" \/><img loading=\"lazy\" class=\"aligncenter wp-image-1528 \" src=\"http:\/\/trail.camadeira.com\/wp-content\/uploads\/2015\/10\/DSC07558.jpg\" alt=\"DSC07558\" width=\"700\" height=\"545\" srcset=\"http:\/\/trail.camadeira.com\/wp-content\/uploads\/2015\/10\/DSC07558.jpg 986w, http:\/\/trail.camadeira.com\/wp-content\/uploads\/2015\/10\/DSC07558-300x234.jpg 300w\" sizes=\"(max-width: 700px) 100vw, 700px\" \/><\/a><\/p>\n<p>&nbsp;<\/p>\n<p>A prova de 11km teve a partida na zona do Ch\u00e3o das Aboboreiras e seguiu a parte final do percurso principal, tendo como vencedor Emanuel Freitas (Porto da Cruz Trail Team) nos masculinos e Sara Rodrigues (ACD Jardim da Serra), a mais r\u00e1pida entre as participantes femininas em prova.<\/p>\n<p><a href=\"http:\/\/trail.camadeira.com\/wp-content\/uploads\/2015\/10\/DSC07307.jpg\"><img loading=\"lazy\" class=\"aligncenter wp-image-1532\" src=\"http:\/\/trail.camadeira.com\/wp-content\/uploads\/2015\/10\/DSC07307-1024x731.jpg\" alt=\"DSC07307\" width=\"705\" height=\"503\" srcset=\"http:\/\/trail.camadeira.com\/wp-content\/uploads\/2015\/10\/DSC07307.jpg 1024w, http:\/\/trail.camadeira.com\/wp-content\/uploads\/2015\/10\/DSC07307-300x214.jpg 300w\" sizes=\"(max-width: 705px) 100vw, 705px\" \/><\/a><\/p>\n<p>Apesar de algum vento e chuviscos pontuais na parte inicial das provas, o sol brindou os participantes no final do evento, com a cerim\u00f3nia de entrega de pr\u00e9mios a fechar mais uma jornada de Trail Running na Madeira em beleza, com as diversas entidades envolvidas presentes na distin\u00e7\u00e3o aos primeiros classificados de ambas as provas.<\/p>\n<p><a href=\"http:\/\/trail.camadeira.com\/wp-content\/uploads\/2015\/10\/IMG_0078.jpg\"><img loading=\"lazy\" class=\"aligncenter wp-image-1553\" src=\"http:\/\/trail.camadeira.com\/wp-content\/uploads\/2015\/10\/IMG_0078-1024x719.jpg\" alt=\"IMG_0078\" width=\"618\" height=\"434\" srcset=\"http:\/\/trail.camadeira.com\/wp-content\/uploads\/2015\/10\/IMG_0078.jpg 1024w, http:\/\/trail.camadeira.com\/wp-content\/uploads\/2015\/10\/IMG_0078-300x211.jpg 300w\" sizes=\"(max-width: 618px) 100vw, 618px\" \/><\/a><\/p>\n<p><a href=\"http:\/\/trail.camadeira.com\/wp-content\/uploads\/2015\/10\/DSC07394.jpg\"><img loading=\"lazy\" class=\"aligncenter wp-image-1554\" src=\"http:\/\/trail.camadeira.com\/wp-content\/uploads\/2015\/10\/DSC07394-1024x768.jpg\" alt=\"DSC07394\" width=\"631\" height=\"473\" srcset=\"http:\/\/trail.camadeira.com\/wp-content\/uploads\/2015\/10\/DSC07394.jpg 1024w, http:\/\/trail.camadeira.com\/wp-content\/uploads\/2015\/10\/DSC07394-300x225.jpg 300w\" sizes=\"(max-width: 631px) 100vw, 631px\" \/><\/a><\/p>\n<p>Destaque para as condi\u00e7\u00f5es proporcionadas pela <a href=\"http:\/\/www.cm-santacruz.pt\/\" target=\"_blank\">C\u00e2mara Municipal de Santa Cruz<\/a> no apoio \u00e0 log\u00edstica do evento e pelo apoio da Paroquia de Santo Ant\u00f3nio da Serra para instalar e receber o centro do evento e chegadas na \u00e1rea envolvente \u00e0 igreja, proporcionando um espa\u00e7o muito bonito partilhado no apoio ao desporto.<\/p>\n<p>A organiza\u00e7\u00e3o mobilizou uma log\u00edstica importante no apoio aos participantes, e reuniu\u00a070\u00a0colaboradores que garantiram o secretariado e log\u00edstica geral do centro do evento, a vigil\u00e2ncia de atravessamentos e mudan\u00e7as de dire\u00e7\u00e3o, abastecimentos, cobertura de imagem, cronometragem, marca\u00e7\u00e3o e verifica\u00e7\u00e3o do percurso, e garantiu ainda o apoio de primeiros socorros e ambul\u00e2ncia na Chegada, e uma equipa de primeiros socorros \u00a0m\u00f3vel em viatura todo-o-terreno, e ainda o policiamento de momentos e passagens mais sens\u00edveis para a seguran\u00e7a dos participantes.<\/p>\n<p>Cumpriu-se assim mais uma prova do calend\u00e1rio CTRM2015, anunciado em \u00a0dezembro do ano passado, e no caso particular desta prova,\u00a0integrando o projeto do Di\u00e1rio de Not\u00edcias, Madeira Trail Series.<\/p>\n<p>O concelho de Santa Cruz ganhou assim mais um itiner\u00e1rio para a corrida em montanha, num cen\u00e1rio natural diverso e com amplas paisagens sobre a parte oriental da Ilha da Madeira.<\/p>\n<p>&nbsp;<\/p>\n<p><strong>Primeiros Classificados \u00e0 geral<\/strong><\/p>\n<table width=\"405\">\n<tbody>\n<tr>\n<td colspan=\"4\" width=\"405\"><strong>Prova 23km 900m D+<\/strong><\/td>\n<\/tr>\n<tr>\n<td width=\"55\">Class.<\/td>\n<td width=\"161\">Atleta<\/td>\n<td width=\"116\">Clube<\/td>\n<td width=\"73\">Tempo<\/td>\n<\/tr>\n<tr>\n<td width=\"55\">1.\u00ba<\/td>\n<td width=\"161\">Tiago Silva<\/td>\n<td width=\"116\">ADRAP<\/td>\n<td width=\"73\">1:38:24<\/td>\n<\/tr>\n<tr>\n<td width=\"55\">2.\u00ba<\/td>\n<td width=\"161\">Bruno\u00a0 Moniz<\/td>\n<td width=\"116\">ADRAP<\/td>\n<td width=\"73\">1:42:41<\/td>\n<\/tr>\n<tr>\n<td width=\"55\">3.\u00ba<\/td>\n<td width=\"161\">Jorge Pimenta<\/td>\n<td width=\"116\">AD Galomar<\/td>\n<td width=\"73\">1:53:45<\/td>\n<\/tr>\n<tr>\n<td width=\"55\"><\/td>\n<td width=\"161\"><\/td>\n<td width=\"116\"><\/td>\n<td width=\"73\"><\/td>\n<\/tr>\n<tr>\n<td width=\"55\">Class.<\/td>\n<td width=\"161\">Atleta<\/td>\n<td width=\"116\">Clube<\/td>\n<td width=\"73\">Tempo<\/td>\n<\/tr>\n<tr>\n<td width=\"55\">1.\u00aa<\/td>\n<td width=\"161\">Susana Louren\u00e7o<\/td>\n<td width=\"116\">CMoF<\/td>\n<td width=\"73\">2:23:09<\/td>\n<\/tr>\n<tr>\n<td width=\"55\">2.\u00aa<\/td>\n<td width=\"161\">Lulia Fuiorea<\/td>\n<td width=\"116\">MTR-MFC<\/td>\n<td width=\"73\">2:38:49<\/td>\n<\/tr>\n<tr>\n<td width=\"55\">3.\u00aa<\/td>\n<td width=\"161\">Cristina Martins<\/td>\n<td width=\"116\">ACDJS<\/td>\n<td width=\"73\">2:42:43<\/td>\n<\/tr>\n<tr>\n<td width=\"55\"><\/td>\n<td width=\"161\"><\/td>\n<td width=\"116\"><\/td>\n<td width=\"73\"><\/td>\n<\/tr>\n<tr>\n<td colspan=\"4\" width=\"405\"><strong>Prova 11km 200m D+<\/strong><\/td>\n<\/tr>\n<tr>\n<td width=\"55\">Class.<\/td>\n<td width=\"161\">Atleta<\/td>\n<td width=\"116\">Clube<\/td>\n<td width=\"73\">Tempo<\/td>\n<\/tr>\n<tr>\n<td width=\"55\">1.\u00ba<\/td>\n<td width=\"161\">Emanuel Freitas<\/td>\n<td width=\"116\">PCTT<\/td>\n<td width=\"73\">0:43:45<\/td>\n<\/tr>\n<tr>\n<td width=\"55\">2.\u00ba<\/td>\n<td width=\"161\">M\u00e1rcio Coelho<\/td>\n<td width=\"116\">IND<\/td>\n<td width=\"73\">0:45:38<\/td>\n<\/tr>\n<tr>\n<td width=\"55\">3.\u00ba<\/td>\n<td width=\"161\">Daniel Ferreira<\/td>\n<td width=\"116\">ACDJS<\/td>\n<td width=\"73\">0:46:20<\/td>\n<\/tr>\n<tr>\n<td width=\"55\"><\/td>\n<td width=\"161\"><\/td>\n<td width=\"116\"><\/td>\n<td width=\"73\"><\/td>\n<\/tr>\n<tr>\n<td width=\"55\">Class.<\/td>\n<td width=\"161\">Atleta<\/td>\n<td width=\"116\">Clube<\/td>\n<td width=\"73\">Tempo<\/td>\n<\/tr>\n<tr>\n<td width=\"55\">1.\u00aa<\/td>\n<td width=\"161\">Sara Rodrigues<\/td>\n<td width=\"116\">ACDJS<\/td>\n<td width=\"73\">0:56:57<\/td>\n<\/tr>\n<tr>\n<td width=\"55\">2.\u00aa<\/td>\n<td width=\"161\">Lisandra Tavares<\/td>\n<td width=\"116\">PCTT<\/td>\n<td width=\"73\">0:57:46<\/td>\n<\/tr>\n<tr>\n<td width=\"55\">3.\u00aa<\/td>\n<td width=\"161\">Carla Freitas<\/td>\n<td width=\"116\">IND<\/td>\n<td width=\"73\">0:59:16<\/td>\n<\/tr>\n<\/tbody>\n<\/table>\n<p>&nbsp;<\/p>\n<p><span style=\"text-decoration: underline;\"><a href=\"http:\/\/trail.camadeira.com\/?page_id=1512\" target=\"_blank\">TODOS OS RESULTADOS<\/a>\u00a0<\/span><\/p>\n","protected":false},"excerpt":{"rendered":"<p>Mais de quatro centenas de entusiastas do Trail Running\u00a0conclu\u00edram\u00a0a sua prova, percorrendo caminhos, veredas e \u00e1reas florestais do\u00a0concelho de Santa Cruz A Freguesia de Santo Ant\u00f3nio da Serra recebeu a primeira prova do Madeira Trail Series, que partilhou alguns recantos naturais do concelho de Santa Cruz. A levada da Serra e toda a vegeta\u00e7\u00e3o envolvente, &hellip; <\/p>\n<p><a class=\"more-link btn\" href=\"http:\/\/trail.camadeira.com\/?p=1526\">Continue a ler<\/a><\/p>\n","protected":false},"author":1,"featured_media":0,"comment_status":"closed","ping_status":"closed","sticky":false,"template":"","format":"standard","meta":[],"categories":[1],"tags":[],"_links":{"self":[{"href":"http:\/\/trail.camadeira.com\/index.php?rest_route=\/wp\/v2\/posts\/1526"}],"collection":[{"href":"http:\/\/trail.camadeira.com\/index.php?rest_route=\/wp\/v2\/posts"}],"about":[{"href":"http:\/\/trail.camadeira.com\/index.php?rest_route=\/wp\/v2\/types\/post"}],"author":[{"embeddable":true,"href":"http:\/\/trail.camadeira.com\/index.php?rest_route=\/wp\/v2\/users\/1"}],"replies":[{"embeddable":true,"href":"http:\/\/trail.camadeira.com\/index.php?rest_route=%2Fwp%2Fv2%2Fcomments&post=1526"}],"version-history":[{"count":20,"href":"http:\/\/trail.camadeira.com\/index.php?rest_route=\/wp\/v2\/posts\/1526\/revisions"}],"predecessor-version":[{"id":1565,"href":"http:\/\/trail.camadeira.com\/index.php?rest_route=\/wp\/v2\/posts\/1526\/revisions\/1565"}],"wp:attachment":[{"href":"http:\/\/trail.camadeira.com\/index.php?rest_route=%2Fwp%2Fv2%2Fmedia&parent=1526"}],"wp:term":[{"taxonomy":"category","embeddable":true,"href":"http:\/\/trail.camadeira.com\/index.php?rest_route=%2Fwp%2Fv2%2Fcategories&post=1526"},{"taxonomy":"post_tag","embeddable":true,"href":"http:\/\/trail.camadeira.com\/index.php?rest_route=%2Fwp%2Fv2%2Ftags&post=1526"}],"curies":[{"name":"wp","href":"https:\/\/api.w.org\/{rel}","templated":true}]}}