{"id":1422,"date":"2015-09-14T01:13:20","date_gmt":"2015-09-14T00:13:20","guid":{"rendered":"http:\/\/trail.camadeira.com\/?p=1422"},"modified":"2015-09-14T01:18:25","modified_gmt":"2015-09-14T00:18:25","slug":"santa-cruz-trail-running-3-outubro-2015-informacoes-e-inscricoes-brevemente","status":"publish","type":"post","link":"http:\/\/trail.camadeira.com\/?p=1422","title":{"rendered":"Santa Cruz &#8211; Trail Running &#8211; 3 outubro 2015 &#8211; Informa\u00e7\u00f5es e Inscri\u00e7\u00f5es Brevemente!"},"content":{"rendered":"<p>A 3 de outubro de 2015 o Trail Running estar\u00e1 nas serras de Santa Cruz, explorando o melhor ambiente natural da Freguesia de Santo Ant\u00f3nio da Serra, a floresta Laurissilva, os seus trilhos\u00a0com destaque para um\u00a0parcial da Levada da Serra. N\u00e3o faltes, vem conhecer a Natureza de Santa Cruz!<\/p>\n<p><a href=\"http:\/\/trail.camadeira.com\/wp-content\/uploads\/2015\/09\/DSC07064-b.jpg\"><img loading=\"lazy\" class=\"aligncenter size-large wp-image-1423\" src=\"http:\/\/trail.camadeira.com\/wp-content\/uploads\/2015\/09\/DSC07064-b-1024x742.jpg\" alt=\"DSC07064 b\" width=\"1024\" height=\"742\" srcset=\"http:\/\/trail.camadeira.com\/wp-content\/uploads\/2015\/09\/DSC07064-b.jpg 1024w, http:\/\/trail.camadeira.com\/wp-content\/uploads\/2015\/09\/DSC07064-b-300x217.jpg 300w\" sizes=\"(max-width: 1024px) 100vw, 1024px\" \/><\/a><\/p>\n","protected":false},"excerpt":{"rendered":"<p>A 3 de outubro de 2015 o Trail Running estar\u00e1 nas serras de Santa Cruz, explorando o melhor ambiente natural da Freguesia de Santo Ant\u00f3nio da Serra, a floresta Laurissilva, os seus trilhos\u00a0com destaque para um\u00a0parcial da Levada da Serra. N\u00e3o faltes, vem conhecer a Natureza de Santa Cruz!<\/p>\n","protected":false},"author":1,"featured_media":0,"comment_status":"closed","ping_status":"closed","sticky":false,"template":"","format":"standard","meta":[],"categories":[1],"tags":[],"_links":{"self":[{"href":"http:\/\/trail.camadeira.com\/index.php?rest_route=\/wp\/v2\/posts\/1422"}],"collection":[{"href":"http:\/\/trail.camadeira.com\/index.php?rest_route=\/wp\/v2\/posts"}],"about":[{"href":"http:\/\/trail.camadeira.com\/index.php?rest_route=\/wp\/v2\/types\/post"}],"author":[{"embeddable":true,"href":"http:\/\/trail.camadeira.com\/index.php?rest_route=\/wp\/v2\/users\/1"}],"replies":[{"embeddable":true,"href":"http:\/\/trail.camadeira.com\/index.php?rest_route=%2Fwp%2Fv2%2Fcomments&post=1422"}],"version-history":[{"count":2,"href":"http:\/\/trail.camadeira.com\/index.php?rest_route=\/wp\/v2\/posts\/1422\/revisions"}],"predecessor-version":[{"id":1428,"href":"http:\/\/trail.camadeira.com\/index.php?rest_route=\/wp\/v2\/posts\/1422\/revisions\/1428"}],"wp:attachment":[{"href":"http:\/\/trail.camadeira.com\/index.php?rest_route=%2Fwp%2Fv2%2Fmedia&parent=1422"}],"wp:term":[{"taxonomy":"category","embeddable":true,"href":"http:\/\/trail.camadeira.com\/index.php?rest_route=%2Fwp%2Fv2%2Fcategories&post=1422"},{"taxonomy":"post_tag","embeddable":true,"href":"http:\/\/trail.camadeira.com\/index.php?rest_route=%2Fwp%2Fv2%2Ftags&post=1422"}],"curies":[{"name":"wp","href":"https:\/\/api.w.org\/{rel}","templated":true}]}}