{"id":1410,"date":"2015-08-30T16:38:54","date_gmt":"2015-08-30T15:38:54","guid":{"rendered":"http:\/\/trail.camadeira.com\/?p=1410"},"modified":"2015-08-30T16:38:54","modified_gmt":"2015-08-30T15:38:54","slug":"pedro-alves-e-finisher-pela-3-a-vez-no-utmb","status":"publish","type":"post","link":"http:\/\/trail.camadeira.com\/?p=1410","title":{"rendered":"Pedro Alves \u00e9 Finisher pela 3.\u00aa vez no UTMB!"},"content":{"rendered":"<p><a href=\"http:\/\/trail.camadeira.com\/wp-content\/uploads\/2015\/08\/11949403_1143803282298287_3296059805610533562_n.jpg\"><img loading=\"lazy\" class=\"aligncenter  wp-image-1412\" src=\"http:\/\/trail.camadeira.com\/wp-content\/uploads\/2015\/08\/11949403_1143803282298287_3296059805610533562_n.jpg\" alt=\"11949403_1143803282298287_3296059805610533562_n\" width=\"602\" height=\"401\" srcset=\"http:\/\/trail.camadeira.com\/wp-content\/uploads\/2015\/08\/11949403_1143803282298287_3296059805610533562_n.jpg 960w, http:\/\/trail.camadeira.com\/wp-content\/uploads\/2015\/08\/11949403_1143803282298287_3296059805610533562_n-300x200.jpg 300w\" sizes=\"(max-width: 602px) 100vw, 602px\" \/><\/a>Pedro Alves ao concluir a edi\u00e7\u00e3o 2015 do Ultra Trail du Mont Blanc, 170km e 10.000m D+, soma tr\u00eas chegadas \u00e0 meta nesta medi\u00e1tica e dura prova de Trail Running, com partida e chegada a Chamonix, Fran\u00e7a. Pedro conta ainda com muitas outras provas conclu\u00eddas em participa\u00e7\u00e3o individual (ver abaixo) e em equipa.<\/p>\n<div class=\"scrollcontent\">\n<div class=\"scrollwrap\">\n<ul>\n<li><span class=\"crefpos\">710e<\/span> <span class=\"creftps\">(39:55:53)<\/span> U<span class=\"crefcrs\">ltra-trail du mont-blanc\u00ae &#8211; UTMB\u00ae 2015 (170km)<\/span><\/li>\n<li><span class=\"crefpos\">448e<\/span> <span class=\"creftps\">(23:46:16)<\/span> N<span class=\"crefcrs\">orth face lavaredo ultra trail &#8211; the north face lavaredo ultra trail 2015 (126km)<\/span><\/li>\n<li><span class=\"crefpos\">708e<\/span> <span class=\"creftps\">(14:22:22)<\/span> T<span class=\"crefcrs\">ransvulcania ( iles canaries ) &#8211; transvulcania la palma &#8211; ultramarathon 2015 (73km)<\/span><\/li>\n<li><span class=\"crefpos\">708e<\/span> <span class=\"creftps\">(14:22:22)<\/span> T<span class=\"crefcrs\">ransvulcania &#8211; transvulcania la palma &#8211; ultramarathon 2015 (73km)<\/span><\/li>\n<li><span class=\"crefpos\">164e<\/span> <span class=\"creftps\">(25:53:00)<\/span> MIUT<span class=\"crefcrs\"> 115 2015 (115km)<\/span><\/li>\n<li><span class=\"crefpos\">276e<\/span> <span class=\"creftps\">(28:28:06)<\/span> T<span class=\"crefcrs\">ransgrancanaria &#8211; transgrancanaria &#8211; trans gc 2015 (130km)<\/span><\/li>\n<li><span class=\"crefpos\">103e<\/span> <span class=\"creftps\">(30:15:44)<\/span> MIUT <span class=\"crefcrs\">115 2014 (116km)<\/span><\/li>\n<li><span class=\"crefpos\">757e<\/span> <span class=\"creftps\">(40:14:40)<\/span> U<span class=\"crefcrs\">ltra-trail du mont-blanc\u00ae &#8211; UTMB\u00ae 2013 (168km)<\/span><\/li>\n<li><span class=\"crefpos\">344e<\/span> <span class=\"creftps\">(40:13:12)<\/span> G<span class=\"crefcrs\">rand raid des pyrenees &#8211; grand raid des pyrenees &#8211; grp160 ( ultra ) 2011 (159km)<\/span><\/li>\n<li><span class=\"crefpos\">58e<\/span> <span class=\"creftps\">(13:14:31)<\/span> T<span class=\"crefcrs\">rail serra da freita &#8211; trail serra da freita 2011 (70km)<\/span><\/li>\n<li><span class=\"crefpos\">10e<\/span> <span class=\"creftps\">(18:30:57)<\/span> MIUT<span class=\"crefcrs\"> 115 2011 (105km)<\/span><\/li>\n<li><span class=\"crefpos\">50e<\/span> <span class=\"creftps\">(14:11:20)<\/span> T<span class=\"crefcrs\">rail serra da freita &#8211; trail serra da freita 2010 (70km)<\/span><\/li>\n<li><span class=\"crefpos\">134e<\/span> <span class=\"creftps\">(26:33:25)<\/span> T<span class=\"crefcrs\">ransgrancanaria &#8211; transgrancanaria &#8211; trans gc 2010 (124km)<\/span><\/li>\n<li><span class=\"crefpos\">996e<\/span> <span class=\"creftps\">(43:46:06)<\/span> U<span class=\"crefcrs\">ltra-trail du mont-blanc\u00ae &#8211; UTMB\u00ae 2009 (166km)<\/span><\/li>\n<\/ul>\n<\/div>\n<\/div>\n","protected":false},"excerpt":{"rendered":"<p>Pedro Alves ao concluir a edi\u00e7\u00e3o 2015 do Ultra Trail du Mont Blanc, 170km e 10.000m D+, soma tr\u00eas chegadas \u00e0 meta nesta medi\u00e1tica e dura prova de Trail Running, com partida e chegada a Chamonix, Fran\u00e7a. Pedro conta ainda com muitas outras provas conclu\u00eddas em participa\u00e7\u00e3o individual (ver abaixo) e em equipa. 710e (39:55:53) &hellip; <\/p>\n<p><a class=\"more-link btn\" href=\"http:\/\/trail.camadeira.com\/?p=1410\">Continue a ler<\/a><\/p>\n","protected":false},"author":1,"featured_media":0,"comment_status":"closed","ping_status":"closed","sticky":false,"template":"","format":"standard","meta":[],"categories":[1],"tags":[],"_links":{"self":[{"href":"http:\/\/trail.camadeira.com\/index.php?rest_route=\/wp\/v2\/posts\/1410"}],"collection":[{"href":"http:\/\/trail.camadeira.com\/index.php?rest_route=\/wp\/v2\/posts"}],"about":[{"href":"http:\/\/trail.camadeira.com\/index.php?rest_route=\/wp\/v2\/types\/post"}],"author":[{"embeddable":true,"href":"http:\/\/trail.camadeira.com\/index.php?rest_route=\/wp\/v2\/users\/1"}],"replies":[{"embeddable":true,"href":"http:\/\/trail.camadeira.com\/index.php?rest_route=%2Fwp%2Fv2%2Fcomments&post=1410"}],"version-history":[{"count":1,"href":"http:\/\/trail.camadeira.com\/index.php?rest_route=\/wp\/v2\/posts\/1410\/revisions"}],"predecessor-version":[{"id":1413,"href":"http:\/\/trail.camadeira.com\/index.php?rest_route=\/wp\/v2\/posts\/1410\/revisions\/1413"}],"wp:attachment":[{"href":"http:\/\/trail.camadeira.com\/index.php?rest_route=%2Fwp%2Fv2%2Fmedia&parent=1410"}],"wp:term":[{"taxonomy":"category","embeddable":true,"href":"http:\/\/trail.camadeira.com\/index.php?rest_route=%2Fwp%2Fv2%2Fcategories&post=1410"},{"taxonomy":"post_tag","embeddable":true,"href":"http:\/\/trail.camadeira.com\/index.php?rest_route=%2Fwp%2Fv2%2Ftags&post=1410"}],"curies":[{"name":"wp","href":"https:\/\/api.w.org\/{rel}","templated":true}]}}