{"id":1398,"date":"2015-08-10T15:55:01","date_gmt":"2015-08-10T14:55:01","guid":{"rendered":"http:\/\/trail.camadeira.com\/?p=1398"},"modified":"2015-08-10T23:17:11","modified_gmt":"2015-08-10T22:17:11","slug":"trail-santa-cruz-nova-data-3-outubro-2014","status":"publish","type":"post","link":"http:\/\/trail.camadeira.com\/?p=1398","title":{"rendered":"Trail Santa Cruz &#8211; Nova data &#8211; 3 outubro 2014"},"content":{"rendered":"<p>Aviso: Devido \u00e0 marca\u00e7\u00e3o de elei\u00e7\u00f5es legislativas para o dia 4 de outubro, data agendada para o Trail de Santa Cruz, a organiza\u00e7\u00e3o antecipa a realiza\u00e7\u00e3o da prova para dia 3 de Outubro. Brevemente mais informa\u00e7\u00f5es.<\/p>\n<p>O Trail Running na Natureza de Santa Cruz ir\u00e1 mostrar novos caminhos e terrenos de montanha no melhor ambiente natural de Santa Cruz. A Freguesia de Santo Ant\u00f3nio da Serra receber\u00e1 este desafio de Trail Running, em mais um percurso criado pelo Clube Aventura da Madeira.<\/p>\n<p><a href=\"http:\/\/trail.camadeira.com\/wp-content\/uploads\/2015\/08\/trail-Santa-cruz-net-2.jpg\"><img loading=\"lazy\" class=\"aligncenter  wp-image-1405\" src=\"http:\/\/trail.camadeira.com\/wp-content\/uploads\/2015\/08\/trail-Santa-cruz-net-2.jpg\" alt=\"trail Santa cruz net 2\" width=\"730\" height=\"664\" srcset=\"http:\/\/trail.camadeira.com\/wp-content\/uploads\/2015\/08\/trail-Santa-cruz-net-2.jpg 844w, http:\/\/trail.camadeira.com\/wp-content\/uploads\/2015\/08\/trail-Santa-cruz-net-2-300x273.jpg 300w\" sizes=\"(max-width: 730px) 100vw, 730px\" \/><\/a><\/p>\n","protected":false},"excerpt":{"rendered":"<p>Aviso: Devido \u00e0 marca\u00e7\u00e3o de elei\u00e7\u00f5es legislativas para o dia 4 de outubro, data agendada para o Trail de Santa Cruz, a organiza\u00e7\u00e3o antecipa a realiza\u00e7\u00e3o da prova para dia 3 de Outubro. Brevemente mais informa\u00e7\u00f5es. O Trail Running na Natureza de Santa Cruz ir\u00e1 mostrar novos caminhos e terrenos de montanha no melhor ambiente &hellip; <\/p>\n<p><a class=\"more-link btn\" href=\"http:\/\/trail.camadeira.com\/?p=1398\">Continue a ler<\/a><\/p>\n","protected":false},"author":1,"featured_media":0,"comment_status":"closed","ping_status":"closed","sticky":false,"template":"","format":"standard","meta":[],"categories":[1],"tags":[],"_links":{"self":[{"href":"http:\/\/trail.camadeira.com\/index.php?rest_route=\/wp\/v2\/posts\/1398"}],"collection":[{"href":"http:\/\/trail.camadeira.com\/index.php?rest_route=\/wp\/v2\/posts"}],"about":[{"href":"http:\/\/trail.camadeira.com\/index.php?rest_route=\/wp\/v2\/types\/post"}],"author":[{"embeddable":true,"href":"http:\/\/trail.camadeira.com\/index.php?rest_route=\/wp\/v2\/users\/1"}],"replies":[{"embeddable":true,"href":"http:\/\/trail.camadeira.com\/index.php?rest_route=%2Fwp%2Fv2%2Fcomments&post=1398"}],"version-history":[{"count":6,"href":"http:\/\/trail.camadeira.com\/index.php?rest_route=\/wp\/v2\/posts\/1398\/revisions"}],"predecessor-version":[{"id":1408,"href":"http:\/\/trail.camadeira.com\/index.php?rest_route=\/wp\/v2\/posts\/1398\/revisions\/1408"}],"wp:attachment":[{"href":"http:\/\/trail.camadeira.com\/index.php?rest_route=%2Fwp%2Fv2%2Fmedia&parent=1398"}],"wp:term":[{"taxonomy":"category","embeddable":true,"href":"http:\/\/trail.camadeira.com\/index.php?rest_route=%2Fwp%2Fv2%2Fcategories&post=1398"},{"taxonomy":"post_tag","embeddable":true,"href":"http:\/\/trail.camadeira.com\/index.php?rest_route=%2Fwp%2Fv2%2Ftags&post=1398"}],"curies":[{"name":"wp","href":"https:\/\/api.w.org\/{rel}","templated":true}]}}