{"id":1381,"date":"2015-05-17T16:42:46","date_gmt":"2015-05-17T15:42:46","guid":{"rendered":"http:\/\/trail.camadeira.com\/?p=1381"},"modified":"2015-05-17T23:25:18","modified_gmt":"2015-05-17T22:25:18","slug":"resultados-ii-trail-zmm-17-maio-2015","status":"publish","type":"post","link":"http:\/\/trail.camadeira.com\/?p=1381","title":{"rendered":"Resultados II Trail ZMM &#8211; 17 maio 2015"},"content":{"rendered":"<p>&nbsp;<\/p>\n<ul>\n<li><a href=\"http:\/\/trail.camadeira.com\/wp-content\/uploads\/2015\/05\/Resultados-Geral-Masculina-e-Feminina.html\">Classifica\u00e7\u00e3o\u00a0GERAL Masculina e Feminina<\/a><\/li>\n<li><a href=\"http:\/\/trail.camadeira.com\/wp-content\/uploads\/2015\/05\/Resultados-II-Trail-ZMM-ESCAL\u00d5ES.html\">Resultados \u00a0ESCAL\u00d5ES<\/a><\/li>\n<li><a href=\"http:\/\/trail.camadeira.com\/wp-content\/uploads\/2015\/05\/classifica\u00e7\u00e3o-coletiva-Feminina-II-TRAIL-ZMM.pdf\">Classifica\u00e7\u00e3o Equipas Feminina<\/a><\/li>\n<li><a href=\"http:\/\/trail.camadeira.com\/wp-content\/uploads\/2015\/05\/classifica\u00e7\u00e3o-coletiva-Masculina-II-TRAIL-ZMM.pdf\">Classifica\u00e7\u00e3o Equipas Masculina<\/a><\/li>\n<\/ul>\n<p>&nbsp;<\/p>\n<p style=\"text-align: center;\"><strong>Duas Centenas de Atletas participaram no II Trail da Zona Militar da Madeira<\/strong><\/p>\n<h3 style=\"text-align: center;\"><strong>L\u00facia Franco e F\u00e1bio Caires Vencedores<\/strong><\/h3>\n<p>Decorreu esta manh\u00e3 a 2.\u00aa edi\u00e7\u00e3o do Trail ZMM, com a participa\u00e7\u00e3o de 200 atletas. A prova tinha uma dist\u00e2ncia de 15km e 600 metros de desn\u00edvel positivo acumulado, que percorriam trilhos das serras de Santa Cruz e Funchal, entre o centro do Montado do Pereiro, o Poiso, a Ribeira dos Boieiros e as Figueirinhas na zona alta do Roch\u00e3o, num percurso que em parte foi utilizado pela primeira vez em prova de Trail Running.<\/p>\n<p>O vencedor masculino surpreendeu, ainda com poucas participa\u00e7\u00f5es em provas, F\u00e1bio Caires venceu categoricamente com o tempo de 1:21:32, seguido do atleta do ACD do Jardim da Serra, Virgilio Ornelas,\u00a0com mais 2:07, e em terceiro Celio Alves da ZMM, a 2:19 do vencedor. Na classifica\u00e7\u00e3o geral feminina, L\u00facia Franco (AD Galomar) confirmou a condi\u00e7\u00e3o de favorita, e terminou a prova com 1:38:52, seguida de Nadia Meroni (Clube Aventura da Madeira) em segundo com 1:55:03 e em terceiro classificou-se Fabiana Gon\u00e7alves (\u00d3ptica da S\u00e9), com o tempo de 2:02:25, num excelente regresso \u00e0s provas de Trail Running.<\/p>\n<p>Na classifica\u00e7\u00e3o por equipas, venceu a equipa da Zona Militar da Madeira nos masculinos e o Clube Aventura da Madeira nos femininos.<\/p>\n<p><a href=\"http:\/\/trail.camadeira.com\/wp-content\/uploads\/2015\/05\/IMG_3194.jpg\"><img loading=\"lazy\" class=\"aligncenter  wp-image-1387\" src=\"http:\/\/trail.camadeira.com\/wp-content\/uploads\/2015\/05\/IMG_3194-1024x683.jpg\" alt=\"IMG_3194\" width=\"759\" height=\"506\" srcset=\"http:\/\/trail.camadeira.com\/wp-content\/uploads\/2015\/05\/IMG_3194.jpg 1024w, http:\/\/trail.camadeira.com\/wp-content\/uploads\/2015\/05\/IMG_3194-300x200.jpg 300w\" sizes=\"(max-width: 759px) 100vw, 759px\" \/><\/a><a href=\"http:\/\/trail.camadeira.com\/wp-content\/uploads\/2015\/05\/IMG_3635.jpg\"><img loading=\"lazy\" class=\"aligncenter size-full wp-image-1389\" src=\"http:\/\/trail.camadeira.com\/wp-content\/uploads\/2015\/05\/IMG_3635.jpg\" alt=\"IMG_3635\" width=\"768\" height=\"852\" srcset=\"http:\/\/trail.camadeira.com\/wp-content\/uploads\/2015\/05\/IMG_3635.jpg 768w, http:\/\/trail.camadeira.com\/wp-content\/uploads\/2015\/05\/IMG_3635-270x300.jpg 270w\" sizes=\"(max-width: 768px) 100vw, 768px\" \/><\/a><\/p>\n<p>P\u00f3dio Classifica\u00e7\u00e3o Geral Feminina<\/p>\n<p>&nbsp;<\/p>\n<p><a href=\"http:\/\/trail.camadeira.com\/wp-content\/uploads\/2015\/05\/IMG_3638.jpg\"><img loading=\"lazy\" class=\"aligncenter size-large wp-image-1390\" src=\"http:\/\/trail.camadeira.com\/wp-content\/uploads\/2015\/05\/IMG_3638.jpg\" alt=\"IMG_3638\" width=\"768\" height=\"836\" srcset=\"http:\/\/trail.camadeira.com\/wp-content\/uploads\/2015\/05\/IMG_3638.jpg 768w, http:\/\/trail.camadeira.com\/wp-content\/uploads\/2015\/05\/IMG_3638-276x300.jpg 276w\" sizes=\"(max-width: 768px) 100vw, 768px\" \/><\/a><\/p>\n<p>P\u00f3dio Classifica\u00e7\u00e3o Geral Masculina<\/p>\n","protected":false},"excerpt":{"rendered":"<p>&nbsp; Classifica\u00e7\u00e3o\u00a0GERAL Masculina e Feminina Resultados \u00a0ESCAL\u00d5ES Classifica\u00e7\u00e3o Equipas Feminina Classifica\u00e7\u00e3o Equipas Masculina &nbsp; Duas Centenas de Atletas participaram no II Trail da Zona Militar da Madeira L\u00facia Franco e F\u00e1bio Caires Vencedores Decorreu esta manh\u00e3 a 2.\u00aa edi\u00e7\u00e3o do Trail ZMM, com a participa\u00e7\u00e3o de 200 atletas. A prova tinha uma dist\u00e2ncia de 15km &hellip; <\/p>\n<p><a class=\"more-link btn\" href=\"http:\/\/trail.camadeira.com\/?p=1381\">Continue a ler<\/a><\/p>\n","protected":false},"author":1,"featured_media":0,"comment_status":"closed","ping_status":"closed","sticky":false,"template":"","format":"standard","meta":[],"categories":[1],"tags":[],"_links":{"self":[{"href":"http:\/\/trail.camadeira.com\/index.php?rest_route=\/wp\/v2\/posts\/1381"}],"collection":[{"href":"http:\/\/trail.camadeira.com\/index.php?rest_route=\/wp\/v2\/posts"}],"about":[{"href":"http:\/\/trail.camadeira.com\/index.php?rest_route=\/wp\/v2\/types\/post"}],"author":[{"embeddable":true,"href":"http:\/\/trail.camadeira.com\/index.php?rest_route=\/wp\/v2\/users\/1"}],"replies":[{"embeddable":true,"href":"http:\/\/trail.camadeira.com\/index.php?rest_route=%2Fwp%2Fv2%2Fcomments&post=1381"}],"version-history":[{"count":8,"href":"http:\/\/trail.camadeira.com\/index.php?rest_route=\/wp\/v2\/posts\/1381\/revisions"}],"predecessor-version":[{"id":1396,"href":"http:\/\/trail.camadeira.com\/index.php?rest_route=\/wp\/v2\/posts\/1381\/revisions\/1396"}],"wp:attachment":[{"href":"http:\/\/trail.camadeira.com\/index.php?rest_route=%2Fwp%2Fv2%2Fmedia&parent=1381"}],"wp:term":[{"taxonomy":"category","embeddable":true,"href":"http:\/\/trail.camadeira.com\/index.php?rest_route=%2Fwp%2Fv2%2Fcategories&post=1381"},{"taxonomy":"post_tag","embeddable":true,"href":"http:\/\/trail.camadeira.com\/index.php?rest_route=%2Fwp%2Fv2%2Ftags&post=1381"}],"curies":[{"name":"wp","href":"https:\/\/api.w.org\/{rel}","templated":true}]}}