{"id":1357,"date":"2015-05-14T23:58:20","date_gmt":"2015-05-14T22:58:20","guid":{"rendered":"http:\/\/trail.camadeira.com\/?p=1357"},"modified":"2015-05-16T13:37:55","modified_gmt":"2015-05-16T12:37:55","slug":"lista-de-partida-inscritos-no-ii-trail-zmm","status":"publish","type":"post","link":"http:\/\/trail.camadeira.com\/?p=1357","title":{"rendered":"Lista de Partida &#8211; Inscritos no II Trail ZMM"},"content":{"rendered":"[warning]Confirme a sua inscri\u00e7\u00e3o![\/warning]\n<p><strong>Secretariado no dia da prova entre as 8h30 e as 9h10, junto \u00e0 partida &#8211; Os participantes que n\u00e3o tenham levantado previamente o Kit de participa\u00e7\u00e3o (chip+peitoral) poder\u00e3o levantar no secretariado, apresentado o termo de responsabilidade e um documento de identifica\u00e7\u00e3o v\u00e1lido.<\/strong><\/p>\n<ul>\n<li><a href=\"http:\/\/trail.camadeira.com\/wp-content\/uploads\/2015\/05\/trailZMM_inscritosClube.htm\" target=\"_blank\">Inscritos por CLUBE<\/a><\/li>\n<li><a href=\"http:\/\/trail.camadeira.com\/wp-content\/uploads\/2015\/05\/trailZMM_inscritosEscalao.htm\" target=\"_blank\">Inscritos por Escal\u00e3o<\/a><\/li>\n<\/ul>\n<p><strong>Recordamos o material obrigat\u00f3rio que os participantes t\u00eam de ser portadores durante a prova \u00e9 o seguinte:<\/strong><br \/>\n<span style=\"text-decoration: underline;\">\u2022 Telem\u00f3vel operacional (com bateria suficiente);<\/span><br \/>\n\u2022 Casaco imperme\u00e1vel;<br \/>\n\u2022 Manta t\u00e9rmica &#8211; Dimens\u00f5es M\u00ednimas 140 cm \/ 200 cm;<br \/>\n<span style=\"text-decoration: underline;\">\u2022 Dep\u00f3sito para \u00e1gua ou equivalente, no m\u00ednimo 0,5 litro de capacidade;<\/span><br \/>\n<span style=\"text-decoration: underline;\">\u2022 Copo com 15cl de capacidade, no m\u00ednimo;<\/span><br \/>\n\u2022 Apito;<\/p>\n<p><strong>Programa<\/strong><br \/>\n8 Maio 2015, sexta-feira, 00h00 \u2013 Abertura das Inscri\u00e7\u00f5es<br \/>\n13 Maio 2015, quarta-feira, 18h \u2013 Fim do per\u00edodo de inscri\u00e7\u00f5es*.<br \/>\nSexta-feira, 15 de maio de 2015 \u2013 Secretariado na Loja Trizone entre as 15h e as 20h<br \/>\n<span style=\"text-decoration: underline;\">Domingo, 17 de maio de 2015 \u2013 Dia da prova<\/span><br \/>\n8h30 &#8211; Abertura do centro do evento e Secretariado\u00a0 junto aos campos de futebol do Montado do Pereiro.<br \/>\n9h10 &#8211; Check-in na \u00e1rea de concentra\u00e7\u00e3o de partida<br \/>\n9h30 \u2013 Partida II Trail ZMM 15km e 600m D+<br \/>\n12h30\/13h00 \u2013 Previs\u00e3o final da prova, ao que segue-se a cerim\u00f3nia de entrega de pr\u00e9mios.<\/p>\n<p><strong>[warning]Avisos[\/warning]<\/strong><\/p>\n<ul>\n<li><strong>O itiner\u00e1rio da prova atravessa algumas estradas com circula\u00e7\u00e3o autom\u00f3vel, os participantes dever\u00e3o tomar as devidas precau\u00e7\u00f5es.<\/strong><\/li>\n<li><strong>Consulte as previs\u00f5es meteorol\u00f3gicas<\/strong><\/li>\n<li><strong>O consumo de l\u00edquidos nos abastecimentos implica ter copo (ver material obrigat\u00f3rio)<\/strong><\/li>\n<li><strong>Durante o itiner\u00e1rio existem diversos postos de controlo e na chegada uma esta\u00e7\u00e3o Finish, sistema sportident, que os participantes obrigatoriamente ter\u00e3o de controlar atrav\u00e9s do chip que s\u00e3o portadores. A perda do chip implica a desclassifica\u00e7\u00e3o da\u00a0 prova assim como a falta de qualquer um dos pontos de controlo de passagem.<\/strong><\/li>\n<\/ul>\n<p><strong>Sinaliza\u00e7\u00e3o geral<\/strong><\/p>\n<p><a href=\"http:\/\/trail.camadeira.com\/wp-content\/uploads\/2015\/05\/DSC05192.jpg\"><img loading=\"lazy\" class=\"aligncenter  wp-image-1371\" src=\"http:\/\/trail.camadeira.com\/wp-content\/uploads\/2015\/05\/DSC05192-1024x768.jpg\" alt=\"DSC05192\" width=\"634\" height=\"476\" srcset=\"http:\/\/trail.camadeira.com\/wp-content\/uploads\/2015\/05\/DSC05192.jpg 1024w, http:\/\/trail.camadeira.com\/wp-content\/uploads\/2015\/05\/DSC05192-300x225.jpg 300w\" sizes=\"(max-width: 634px) 100vw, 634px\" \/><\/a><\/p>\n","protected":false},"excerpt":{"rendered":"<p>[warning]Confirme a sua inscri\u00e7\u00e3o![\/warning] Secretariado no dia da prova entre as 8h30 e as 9h10, junto \u00e0 partida &#8211; Os participantes que n\u00e3o tenham levantado previamente o Kit de participa\u00e7\u00e3o (chip+peitoral) poder\u00e3o levantar no secretariado, apresentado o termo de responsabilidade e um documento de identifica\u00e7\u00e3o v\u00e1lido. Inscritos por CLUBE Inscritos por Escal\u00e3o Recordamos o material &hellip; <\/p>\n<p><a class=\"more-link btn\" href=\"http:\/\/trail.camadeira.com\/?p=1357\">Continue a ler<\/a><\/p>\n","protected":false},"author":1,"featured_media":0,"comment_status":"closed","ping_status":"closed","sticky":false,"template":"","format":"standard","meta":[],"categories":[1],"tags":[],"_links":{"self":[{"href":"http:\/\/trail.camadeira.com\/index.php?rest_route=\/wp\/v2\/posts\/1357"}],"collection":[{"href":"http:\/\/trail.camadeira.com\/index.php?rest_route=\/wp\/v2\/posts"}],"about":[{"href":"http:\/\/trail.camadeira.com\/index.php?rest_route=\/wp\/v2\/types\/post"}],"author":[{"embeddable":true,"href":"http:\/\/trail.camadeira.com\/index.php?rest_route=\/wp\/v2\/users\/1"}],"replies":[{"embeddable":true,"href":"http:\/\/trail.camadeira.com\/index.php?rest_route=%2Fwp%2Fv2%2Fcomments&post=1357"}],"version-history":[{"count":13,"href":"http:\/\/trail.camadeira.com\/index.php?rest_route=\/wp\/v2\/posts\/1357\/revisions"}],"predecessor-version":[{"id":1380,"href":"http:\/\/trail.camadeira.com\/index.php?rest_route=\/wp\/v2\/posts\/1357\/revisions\/1380"}],"wp:attachment":[{"href":"http:\/\/trail.camadeira.com\/index.php?rest_route=%2Fwp%2Fv2%2Fmedia&parent=1357"}],"wp:term":[{"taxonomy":"category","embeddable":true,"href":"http:\/\/trail.camadeira.com\/index.php?rest_route=%2Fwp%2Fv2%2Fcategories&post=1357"},{"taxonomy":"post_tag","embeddable":true,"href":"http:\/\/trail.camadeira.com\/index.php?rest_route=%2Fwp%2Fv2%2Ftags&post=1357"}],"curies":[{"name":"wp","href":"https:\/\/api.w.org\/{rel}","templated":true}]}}