{"id":1353,"date":"2015-05-14T16:49:02","date_gmt":"2015-05-14T15:49:02","guid":{"rendered":"http:\/\/trail.camadeira.com\/?p=1353"},"modified":"2015-05-14T16:49:27","modified_gmt":"2015-05-14T15:49:27","slug":"lista-de-inscricoes-atual-14-maio-2015","status":"publish","type":"post","link":"http:\/\/trail.camadeira.com\/?p=1353","title":{"rendered":"Lista de Inscri\u00e7\u00f5es &#8211; Atual &#8211; 14 maio 2015"},"content":{"rendered":"[important]Pedimos a aten\u00e7\u00e3o de todos os interessados, que procederam \u00e0 inscri\u00e7\u00e3o no II Trail ZMM, para a verifica\u00e7\u00e3o dos dados submetidos no formul\u00e1rio de inscri\u00e7\u00f5es, no que diz respeito ao nome em competi\u00e7\u00e3o, escal\u00e3o e equipa. Os que ainda n\u00e3o procederam ao pagamento devem faz\u00ea-lo at\u00e9 \u00e0s 18h de hoje, 14 de maio. Os interessados que j\u00e9 procederam ao pagamento e n\u00e3o est\u00e3o confirmados nesta lista, dever\u00e3o consultar uma lista final a publicar ao final do dia de hoje.<br \/>\nQualquer erro dever\u00e3o informar a organiza\u00e7\u00e3o por email: aventuramadeira@gmail.com[\/important]\n<ul>\n<li><strong><a href=\"http:\/\/trail.camadeira.com\/wp-content\/uploads\/2015\/05\/Lista-de-Inscri\u00e7\u00f5es-II-Trail-ZMM-14-maio.pdf\">Lista de Inscri\u00e7\u00f5es II Trail ZMM 14 maio<\/a><\/strong><\/li>\n<\/ul>\n","protected":false},"excerpt":{"rendered":"<p>[important]Pedimos a aten\u00e7\u00e3o de todos os interessados, que procederam \u00e0 inscri\u00e7\u00e3o no II Trail ZMM, para a verifica\u00e7\u00e3o dos dados submetidos no formul\u00e1rio de inscri\u00e7\u00f5es, no que diz respeito ao nome em competi\u00e7\u00e3o, escal\u00e3o e equipa. Os que ainda n\u00e3o procederam ao pagamento devem faz\u00ea-lo at\u00e9 \u00e0s 18h de hoje, 14 de maio. Os interessados &hellip; <\/p>\n<p><a class=\"more-link btn\" href=\"http:\/\/trail.camadeira.com\/?p=1353\">Continue a ler<\/a><\/p>\n","protected":false},"author":1,"featured_media":0,"comment_status":"closed","ping_status":"closed","sticky":false,"template":"","format":"standard","meta":[],"categories":[1],"tags":[],"_links":{"self":[{"href":"http:\/\/trail.camadeira.com\/index.php?rest_route=\/wp\/v2\/posts\/1353"}],"collection":[{"href":"http:\/\/trail.camadeira.com\/index.php?rest_route=\/wp\/v2\/posts"}],"about":[{"href":"http:\/\/trail.camadeira.com\/index.php?rest_route=\/wp\/v2\/types\/post"}],"author":[{"embeddable":true,"href":"http:\/\/trail.camadeira.com\/index.php?rest_route=\/wp\/v2\/users\/1"}],"replies":[{"embeddable":true,"href":"http:\/\/trail.camadeira.com\/index.php?rest_route=%2Fwp%2Fv2%2Fcomments&post=1353"}],"version-history":[{"count":1,"href":"http:\/\/trail.camadeira.com\/index.php?rest_route=\/wp\/v2\/posts\/1353\/revisions"}],"predecessor-version":[{"id":1355,"href":"http:\/\/trail.camadeira.com\/index.php?rest_route=\/wp\/v2\/posts\/1353\/revisions\/1355"}],"wp:attachment":[{"href":"http:\/\/trail.camadeira.com\/index.php?rest_route=%2Fwp%2Fv2%2Fmedia&parent=1353"}],"wp:term":[{"taxonomy":"category","embeddable":true,"href":"http:\/\/trail.camadeira.com\/index.php?rest_route=%2Fwp%2Fv2%2Fcategories&post=1353"},{"taxonomy":"post_tag","embeddable":true,"href":"http:\/\/trail.camadeira.com\/index.php?rest_route=%2Fwp%2Fv2%2Ftags&post=1353"}],"curies":[{"name":"wp","href":"https:\/\/api.w.org\/{rel}","templated":true}]}}