{"id":129,"date":"2010-03-05T04:29:51","date_gmt":"2010-03-05T03:29:51","guid":{"rendered":"http:\/\/trail.camadeira.com\/?p=129"},"modified":"2010-03-05T19:41:54","modified_gmt":"2010-03-05T18:41:54","slug":"pedro-alves-desafia-pela-segunda-vez-a-transgrancanaria","status":"publish","type":"post","link":"http:\/\/trail.camadeira.com\/?p=129","title":{"rendered":"Pedro Alves pela segunda vez na Transgrancanaria."},"content":{"rendered":"<div id=\"attachment_170\" style=\"width: 225px\" class=\"wp-caption alignright\"><a href=\"http:\/\/trail.camadeira.com\/wp-content\/uploads\/2010\/03\/UTMB92.jpg\"><img aria-describedby=\"caption-attachment-170\" loading=\"lazy\" class=\"size-medium wp-image-170\" title=\"UTMB92\" src=\"http:\/\/trail.camadeira.com\/wp-content\/uploads\/2010\/03\/UTMB92-225x300.jpg\" alt=\"\" width=\"225\" height=\"300\" srcset=\"http:\/\/trail.camadeira.com\/wp-content\/uploads\/2010\/03\/UTMB92-225x300.jpg 225w, http:\/\/trail.camadeira.com\/wp-content\/uploads\/2010\/03\/UTMB92.jpg 400w\" sizes=\"(max-width: 225px) 100vw, 225px\" \/><\/a><p id=\"caption-attachment-170\" class=\"wp-caption-text\">Pedro Alves no UTMB em 2009<\/p><\/div>\n<p>Realiza-se neste fim-de-semana mais uma edi\u00e7\u00e3o da Transgrancanaria, prova que desde a sua primeira edi\u00e7\u00e3o adquiriu a reputa\u00e7\u00e3o de umas das mais duras provas de trail de Espanha e a cada ano que passa ganha um relevante aumento de participantes. Esta edi\u00e7\u00e3o contar\u00e1 com a presen\u00e7a do atleta Pedro Alves (Clube Aventura da Madeira) , que ser\u00e1 a sua segunda presen\u00e7a nesta prova que curiosamente foi a sua estreia neste tipo de provas.<\/p>\n<p>Pedro juntamente com os outros colegas Gon\u00e7alo Silva e Miguel Gon\u00e7alves (Clube Aventura da Madeira) conseguiram terminar esta prova em 2008, edi\u00e7\u00e3o que mostrou a dureza desta prova, onde cerca de 70% dos participantes acabaram por n\u00e3o resistir \u00e0 dificuldade t\u00e9cnica do percurso e as elevadas temperaturas que se fizeram sentir! Este ano a prova est\u00e1 ainda mais dif\u00edcil, dos 115km&#8217;s em 2008 passou para os 123km&#8217;s e o desn\u00edvel positivo acumulado de 6500m para 8400m. A prova come\u00e7a \u00e1s 00:00 do dia 6 (s\u00e1bado) na Playa del Ingles e seguir\u00e1  at\u00e9 ao lado norte, mais concretamente at\u00e9 \u00e0 Playa de Las Canteras, que  t\u00eam como a barreira hor\u00e1ria limite as 06.00 do dia 7 (domingo). O atleta do CAMadeira j\u00e1 se encontra em Gran Canaria desde o dia de ontem, para efectuar o habitual controle do material obrigat\u00f3rio e levantamento do peitoral.<\/p>\n<p>Pedro Alves adiantou que &#8220;a minha participa\u00e7\u00e3o n\u00e3o tem grandes ambi\u00e7\u00f5es, apenas terminar&#8230; pois esta participa\u00e7\u00e3o \u00e9 encarada mais como um treino para o Tor des Geants em Setembro, que irei participar mais o Gon\u00e7alo Silva em It\u00e1lia. Ainda como prepara\u00e7\u00e3o tamb\u00e9m irei participar no Ultra Trail da Serra da Freita e o Ultra Trail do Atlas de Toubkal em Marrocos.&#8221;.<\/p>\n<p>O Clube Aventura da Madeira ir\u00e1 posteriormente publicar neste blog o relato do Pedro deste seu novo desafio, que se tem afirmado cada vez mais como um atleta regular desta modalidade.<\/p>\n","protected":false},"excerpt":{"rendered":"<p>Realiza-se neste fim-de-semana mais uma edi\u00e7\u00e3o da Transgrancanaria, prova que desde a sua primeira edi\u00e7\u00e3o adquiriu a reputa\u00e7\u00e3o de umas das mais duras provas de trail de Espanha e a cada ano que passa ganha um relevante aumento de participantes. Esta edi\u00e7\u00e3o contar\u00e1 com a presen\u00e7a do atleta Pedro Alves (Clube Aventura da Madeira) , &hellip; <\/p>\n<p><a class=\"more-link btn\" href=\"http:\/\/trail.camadeira.com\/?p=129\">Continue a ler<\/a><\/p>\n","protected":false},"author":1,"featured_media":0,"comment_status":"open","ping_status":"open","sticky":false,"template":"","format":"standard","meta":[],"categories":[5],"tags":[],"_links":{"self":[{"href":"http:\/\/trail.camadeira.com\/index.php?rest_route=\/wp\/v2\/posts\/129"}],"collection":[{"href":"http:\/\/trail.camadeira.com\/index.php?rest_route=\/wp\/v2\/posts"}],"about":[{"href":"http:\/\/trail.camadeira.com\/index.php?rest_route=\/wp\/v2\/types\/post"}],"author":[{"embeddable":true,"href":"http:\/\/trail.camadeira.com\/index.php?rest_route=\/wp\/v2\/users\/1"}],"replies":[{"embeddable":true,"href":"http:\/\/trail.camadeira.com\/index.php?rest_route=%2Fwp%2Fv2%2Fcomments&post=129"}],"version-history":[{"count":11,"href":"http:\/\/trail.camadeira.com\/index.php?rest_route=\/wp\/v2\/posts\/129\/revisions"}],"predecessor-version":[{"id":180,"href":"http:\/\/trail.camadeira.com\/index.php?rest_route=\/wp\/v2\/posts\/129\/revisions\/180"}],"wp:attachment":[{"href":"http:\/\/trail.camadeira.com\/index.php?rest_route=%2Fwp%2Fv2%2Fmedia&parent=129"}],"wp:term":[{"taxonomy":"category","embeddable":true,"href":"http:\/\/trail.camadeira.com\/index.php?rest_route=%2Fwp%2Fv2%2Fcategories&post=129"},{"taxonomy":"post_tag","embeddable":true,"href":"http:\/\/trail.camadeira.com\/index.php?rest_route=%2Fwp%2Fv2%2Ftags&post=129"}],"curies":[{"name":"wp","href":"https:\/\/api.w.org\/{rel}","templated":true}]}}