{"id":1282,"date":"2015-04-10T15:08:35","date_gmt":"2015-04-10T14:08:35","guid":{"rendered":"http:\/\/trail.camadeira.com\/?p=1282"},"modified":"2015-04-12T00:33:04","modified_gmt":"2015-04-11T23:33:04","slug":"clube-aventura-da-madeira-no-madeira-island-ultra-trail-2015","status":"publish","type":"post","link":"http:\/\/trail.camadeira.com\/?p=1282","title":{"rendered":"Clube Aventura da Madeira no Madeira Island Ultra Trail 2015"},"content":{"rendered":"<p>O Clube Aventura da Madeira estar\u00e1 representado no Madeira Island Ultra Trail com 21 entusiastas do Trail Running. Aproxima-se a hora de partida de um dos eventos de refer\u00eancia do Trail Running nacional e cada vez mais internacional, que esta edi\u00e7\u00e3o praticamente duplica os participantes da edi\u00e7\u00e3o 2014, ser\u00e3o cerca de 1300 \u00e0 partida das quatro dist\u00e2ncias a superar. Esta edi\u00e7\u00e3o ficar\u00e1 marcada, com certeza, pelo entusiasmo recente de mais atletas, entidades e da popula\u00e7\u00e3o no interesse e apoio ao evento e em particular ao desafio dos participantes.<\/p>\n<p><a href=\"http:\/\/trail.camadeira.com\/wp-content\/uploads\/2015\/04\/10173637_10152006961347337_3506719439112442268_n.jpg\"><img loading=\"lazy\" class=\"aligncenter  wp-image-1283\" src=\"http:\/\/trail.camadeira.com\/wp-content\/uploads\/2015\/04\/10173637_10152006961347337_3506719439112442268_n.jpg\" alt=\"10173637_10152006961347337_3506719439112442268_n\" width=\"632\" height=\"474\" srcset=\"http:\/\/trail.camadeira.com\/wp-content\/uploads\/2015\/04\/10173637_10152006961347337_3506719439112442268_n.jpg 960w, http:\/\/trail.camadeira.com\/wp-content\/uploads\/2015\/04\/10173637_10152006961347337_3506719439112442268_n-300x225.jpg 300w\" sizes=\"(max-width: 632px) 100vw, 632px\" \/><\/a><\/p>\n<p>Atletas que representam o Clube Aventura da Madeira no MIUT 2015<\/p>\n<p><strong>Prova 115km<\/strong><\/p>\n<ul>\n<li><strong>N\u00c1DIA MERONI <\/strong><\/li>\n<li><strong>RUI GON\u00c7ALVES <\/strong><\/li>\n<li><strong>PEDRO ALVES <\/strong><\/li>\n<li><strong>JO\u00c3O MENDON\u00c7A <\/strong><\/li>\n<li><strong>DAVID HENRIQUES <\/strong><\/li>\n<li><strong>MARCO RAMOS<\/strong><\/li>\n<li><strong>LEONARDO DIOGO <\/strong><\/li>\n<\/ul>\n<p>&nbsp;<\/p>\n<p><strong>Prova 85km<\/strong><\/p>\n<ul>\n<li><strong>LU\u00cdS ROCHA <\/strong><\/li>\n<\/ul>\n<p><strong>Prova 40km<\/strong><\/p>\n<ul>\n<li><strong>HUMBERTO BARROS <\/strong><\/li>\n<li><strong><em>DUARTE GREG\u00d3RIO <\/em><\/strong><\/li>\n<li><strong>JO\u00c3O SOARES <\/strong><\/li>\n<li><strong>RICARDO QUINTAL <\/strong><\/li>\n<li><strong>PAULO COUTINHO <\/strong><\/li>\n<li><strong>S\u00cdLVIA MARTA <\/strong><\/li>\n<li><strong>JOS\u00c9 NUNES <\/strong><\/li>\n<li><strong>ISABEL FAGUNDES <\/strong><\/li>\n<\/ul>\n<p>&nbsp;<\/p>\n<p><strong>Prova\u00a0 17km<\/strong><\/p>\n<ul>\n<li><strong>EDSON PEREIRA <\/strong><\/li>\n<li><strong>RODOLFO VASCONCELOS <\/strong><\/li>\n<li><strong>ROSALINA GOUVEIA <\/strong><\/li>\n<li><strong>LU\u00cdSA ABREU <\/strong><\/li>\n<li><strong>JOANA FREITAS<\/strong><\/li>\n<\/ul>\n<p><strong>\u00a0<a href=\"http:\/\/trail.camadeira.com\/wp-content\/uploads\/2015\/04\/10169383_10152006961792337_7482584708152919572_n.jpg\"><img loading=\"lazy\" class=\"aligncenter  wp-image-1284\" src=\"http:\/\/trail.camadeira.com\/wp-content\/uploads\/2015\/04\/10169383_10152006961792337_7482584708152919572_n.jpg\" alt=\"10169383_10152006961792337_7482584708152919572_n\" width=\"623\" height=\"467\" srcset=\"http:\/\/trail.camadeira.com\/wp-content\/uploads\/2015\/04\/10169383_10152006961792337_7482584708152919572_n.jpg 960w, http:\/\/trail.camadeira.com\/wp-content\/uploads\/2015\/04\/10169383_10152006961792337_7482584708152919572_n-300x225.jpg 300w\" sizes=\"(max-width: 623px) 100vw, 623px\" \/><\/a><\/strong><\/p>\n<p>Boa prova a todos os atletas do Clube Aventura da Madeira, extensivo a todos os que participam ou fazem parte da organiza\u00e7\u00e3o.<\/p>\n<p>Informa\u00e7\u00e3o do evento em: <a href=\"http:\/\/www.madeiraultratrail.com\/\" target=\"_blank\">http:\/\/www.madeiraultratrail.com\/<\/a><\/p>\n","protected":false},"excerpt":{"rendered":"<p>O Clube Aventura da Madeira estar\u00e1 representado no Madeira Island Ultra Trail com 21 entusiastas do Trail Running. Aproxima-se a hora de partida de um dos eventos de refer\u00eancia do Trail Running nacional e cada vez mais internacional, que esta edi\u00e7\u00e3o praticamente duplica os participantes da edi\u00e7\u00e3o 2014, ser\u00e3o cerca de 1300 \u00e0 partida das &hellip; <\/p>\n<p><a class=\"more-link btn\" href=\"http:\/\/trail.camadeira.com\/?p=1282\">Continue a ler<\/a><\/p>\n","protected":false},"author":1,"featured_media":0,"comment_status":"closed","ping_status":"closed","sticky":false,"template":"","format":"standard","meta":[],"categories":[1],"tags":[],"_links":{"self":[{"href":"http:\/\/trail.camadeira.com\/index.php?rest_route=\/wp\/v2\/posts\/1282"}],"collection":[{"href":"http:\/\/trail.camadeira.com\/index.php?rest_route=\/wp\/v2\/posts"}],"about":[{"href":"http:\/\/trail.camadeira.com\/index.php?rest_route=\/wp\/v2\/types\/post"}],"author":[{"embeddable":true,"href":"http:\/\/trail.camadeira.com\/index.php?rest_route=\/wp\/v2\/users\/1"}],"replies":[{"embeddable":true,"href":"http:\/\/trail.camadeira.com\/index.php?rest_route=%2Fwp%2Fv2%2Fcomments&post=1282"}],"version-history":[{"count":3,"href":"http:\/\/trail.camadeira.com\/index.php?rest_route=\/wp\/v2\/posts\/1282\/revisions"}],"predecessor-version":[{"id":1287,"href":"http:\/\/trail.camadeira.com\/index.php?rest_route=\/wp\/v2\/posts\/1282\/revisions\/1287"}],"wp:attachment":[{"href":"http:\/\/trail.camadeira.com\/index.php?rest_route=%2Fwp%2Fv2%2Fmedia&parent=1282"}],"wp:term":[{"taxonomy":"category","embeddable":true,"href":"http:\/\/trail.camadeira.com\/index.php?rest_route=%2Fwp%2Fv2%2Fcategories&post=1282"},{"taxonomy":"post_tag","embeddable":true,"href":"http:\/\/trail.camadeira.com\/index.php?rest_route=%2Fwp%2Fv2%2Ftags&post=1282"}],"curies":[{"name":"wp","href":"https:\/\/api.w.org\/{rel}","templated":true}]}}