{"id":1236,"date":"2015-02-16T01:54:50","date_gmt":"2015-02-16T00:54:50","guid":{"rendered":"http:\/\/trail.camadeira.com\/?p=1236"},"modified":"2015-02-19T21:26:49","modified_gmt":"2015-02-19T20:26:49","slug":"clube-aventura-da-madeira-na-1-a-prova-de-trail-running-2015","status":"publish","type":"post","link":"http:\/\/trail.camadeira.com\/?p=1236","title":{"rendered":"Clube Aventura da Madeira na 1.\u00aa prova de Trail Running 2015"},"content":{"rendered":"<p style=\"text-align: justify;\"><strong>A atletas do Clube Aventura da Madeira presentes no I Ultra Trail S\u00e3o Vicente Porto Moniz, com excelentes presta\u00e7\u00f5es.<\/strong><\/p>\n<p style=\"text-align: justify;\">Rui Gon\u00e7alves, Lu\u00eds Rocha e David Henriques estiveram em destaque completando a equipa do Clube Aventura da Madeira, quinta classificada com 15:21:08.<\/p>\n<p style=\"text-align: justify;\"><a href=\"http:\/\/trail.camadeira.com\/wp-content\/uploads\/2015\/02\/551505_10203648934159137_5525512071435571820_n.jpg\"><img loading=\"lazy\" class=\"aligncenter size-full wp-image-1238\" src=\"http:\/\/trail.camadeira.com\/wp-content\/uploads\/2015\/02\/551505_10203648934159137_5525512071435571820_n.jpg\" alt=\"551505_10203648934159137_5525512071435571820_n\" width=\"640\" height=\"960\" srcset=\"http:\/\/trail.camadeira.com\/wp-content\/uploads\/2015\/02\/551505_10203648934159137_5525512071435571820_n.jpg 640w, http:\/\/trail.camadeira.com\/wp-content\/uploads\/2015\/02\/551505_10203648934159137_5525512071435571820_n-200x300.jpg 200w\" sizes=\"(max-width: 640px) 100vw, 640px\" \/><\/a><\/p>\n<p style=\"text-align: justify;\">A primeira edi\u00e7\u00e3o deste evento foi a primeira prova de Trail Running do ano 2015 ligou a Vila de S\u00e3o Vicente ao Porto Moniz, numa organiza\u00e7\u00e3o do Clube de Montanha do Funchal. Tr\u00eas dist\u00e2ncias competitivas, a mais longa com 44km e 2148m D+, uma outra interm\u00e9dia com 21km e 427m D+ e a mais curta dist\u00e2ncia com 11km e 243m D+. O itiner\u00e1rio principal baseou-se numa subida progressiva ao longo do Vale de S\u00e3o Vicente, uma travessia do Pa\u00fal da Serra at\u00e9 ao Fanal em percurso pouco desnivelado e depois uma longa descida entre o Fanal e a zona mais baixa da Freguesia da Ribeira da Janela, primeiro pela levada dos Cedros, e depois por caminhos pavimentados e muitos degraus, para finalizar o percurso com a liga\u00e7\u00e3o ao Porto Moniz pela antiga estrada regional.<\/p>\n<p style=\"text-align: justify;\">Nadia Meroni foi 7.\u00aa da geral e classificada em 1.\u00ba no escal\u00e3o F40, Duarte Greg\u00f3rio foi 4.\u00ba entre os M50, Jo\u00e3o Mendon\u00e7a e Marco Ramos fecharam a representa\u00e7\u00e3o na prova principal.<\/p>\n<p style=\"text-align: justify;\">No Trail 21km, Humberto Lima Barros e Paulo Coutinho foram os representantes do Clube, e no Trail 11km uma representa\u00e7\u00e3o feminina com tr\u00eas atletas, Joana Freitas, Lu\u00edsa Abreu e Catarina Abreu.<\/p>\n<p style=\"text-align: justify;\">Todos os resultados dos representantes dos clube:<\/p>\n<p style=\"text-align: justify;\"><strong>Ultra Trail SVPM \u2013 44km<\/strong><br \/>\n17\u00ba RUI GON\u00c7ALVES 13\u00ba SEM MASC<br \/>\n20\u00ba LU\u00cdS ROCHA 15\u00ba SEN MASC<br \/>\n27\u00ba JOS\u00c9 HENRIQUES 19\u00ba SEN MASC<br \/>\n48\u00ba ANT\u00d3NIO GON\u00c7ALVES 33\u00ba SEN MASC<br \/>\n53\u00ba JO\u00c3O MENDON\u00c7A 7\u00ba M 40<br \/>\n60\u00ba MARCO RAMOS 36\u00ba SEN MASC<br \/>\n66\u00ba N\u00c1DIA MERONI 1\u00ba F 40<br \/>\n67\u00ba DUARTE GREG\u00d3RIO 4\u00ba M 50<\/p>\n<p style=\"text-align: justify;\"><strong>Trail SVPM &#8211; 21KM<\/strong><br \/>\n24\u00ba HUMBERTO BARROS 18\u00ba SEN MASC<br \/>\n93\u00ba PAULO COUTINHO 57\u00ba SEN MASC<\/p>\n<p style=\"text-align: justify;\"><strong>Mini Trail SVPM \u2013 11km<\/strong><br \/>\n35\u00ba JOANA FREITAS 6\u00ba SEN FEM<br \/>\n38\u00ba LU\u00cdSA ABREU 2\u00ba F 45<br \/>\n65\u00ba CATARINA ABREU 21\u00ba SEM FEM<\/p>\n\n\t\t<style type=\"text\/css\">\n\t\t\t#gallery-1 {\n\t\t\t\tmargin: auto;\n\t\t\t}\n\t\t\t#gallery-1 .gallery-item {\n\t\t\t\tfloat: left;\n\t\t\t\tmargin-top: 10px;\n\t\t\t\ttext-align: center;\n\t\t\t\twidth: 33%;\n\t\t\t}\n\t\t\t#gallery-1 img {\n\t\t\t\tborder: 2px solid #cfcfcf;\n\t\t\t}\n\t\t\t#gallery-1 .gallery-caption {\n\t\t\t\tmargin-left: 0;\n\t\t\t}\n\t\t\t\/* see gallery_shortcode() in wp-includes\/media.php *\/\n\t\t<\/style>\n\t\t<div id='gallery-1' class='gallery galleryid-1236 gallery-columns-3 gallery-size-thumbnail'><dl class='gallery-item'>\n\t\t\t<dt class='gallery-icon portrait'>\n\t\t\t\t<a href='http:\/\/trail.camadeira.com\/?attachment_id=1238'><img width=\"150\" height=\"150\" src=\"http:\/\/trail.camadeira.com\/wp-content\/uploads\/2015\/02\/551505_10203648934159137_5525512071435571820_n-150x150.jpg\" class=\"attachment-thumbnail size-thumbnail\" alt=\"\" loading=\"lazy\" \/><\/a>\n\t\t\t<\/dt><\/dl><dl class='gallery-item'>\n\t\t\t<dt class='gallery-icon portrait'>\n\t\t\t\t<a href='http:\/\/trail.camadeira.com\/?attachment_id=1239'><img width=\"150\" height=\"150\" src=\"http:\/\/trail.camadeira.com\/wp-content\/uploads\/2015\/02\/10330415_10203649029841529_2852722391368949120_n-150x150.jpg\" class=\"attachment-thumbnail size-thumbnail\" alt=\"\" loading=\"lazy\" \/><\/a>\n\t\t\t<\/dt><\/dl><dl class='gallery-item'>\n\t\t\t<dt class='gallery-icon portrait'>\n\t\t\t\t<a href='http:\/\/trail.camadeira.com\/?attachment_id=1240'><img width=\"150\" height=\"150\" src=\"http:\/\/trail.camadeira.com\/wp-content\/uploads\/2015\/02\/10429439_10203648898198238_2420525341776128422_n-150x150.jpg\" class=\"attachment-thumbnail size-thumbnail\" alt=\"\" loading=\"lazy\" \/><\/a>\n\t\t\t<\/dt><\/dl><br style=\"clear: both\" \/><dl class='gallery-item'>\n\t\t\t<dt class='gallery-icon portrait'>\n\t\t\t\t<a href='http:\/\/trail.camadeira.com\/?attachment_id=1241'><img width=\"150\" height=\"150\" src=\"http:\/\/trail.camadeira.com\/wp-content\/uploads\/2015\/02\/10689567_647426062069805_3013217979669332319_n-150x150.jpg\" class=\"attachment-thumbnail size-thumbnail\" alt=\"\" loading=\"lazy\" \/><\/a>\n\t\t\t<\/dt><\/dl><dl class='gallery-item'>\n\t\t\t<dt class='gallery-icon landscape'>\n\t\t\t\t<a href='http:\/\/trail.camadeira.com\/?attachment_id=1242'><img width=\"150\" height=\"150\" src=\"http:\/\/trail.camadeira.com\/wp-content\/uploads\/2015\/02\/10857287_10152647233222409_2959828765872713680_o-150x150.jpg\" class=\"attachment-thumbnail size-thumbnail\" alt=\"\" loading=\"lazy\" \/><\/a>\n\t\t\t<\/dt><\/dl><dl class='gallery-item'>\n\t\t\t<dt class='gallery-icon portrait'>\n\t\t\t\t<a href='http:\/\/trail.camadeira.com\/?attachment_id=1243'><img width=\"150\" height=\"150\" src=\"http:\/\/trail.camadeira.com\/wp-content\/uploads\/2015\/02\/10959417_10203649194205638_1253419998946510200_n-150x150.jpg\" class=\"attachment-thumbnail size-thumbnail\" alt=\"\" loading=\"lazy\" \/><\/a>\n\t\t\t<\/dt><\/dl><br style=\"clear: both\" \/><dl class='gallery-item'>\n\t\t\t<dt class='gallery-icon portrait'>\n\t\t\t\t<a href='http:\/\/trail.camadeira.com\/?attachment_id=1244'><img width=\"150\" height=\"150\" src=\"http:\/\/trail.camadeira.com\/wp-content\/uploads\/2015\/02\/10959518_10203648967399968_5199907884908821030_n-150x150.jpg\" class=\"attachment-thumbnail size-thumbnail\" alt=\"\" loading=\"lazy\" \/><\/a>\n\t\t\t<\/dt><\/dl><dl class='gallery-item'>\n\t\t\t<dt class='gallery-icon portrait'>\n\t\t\t\t<a href='http:\/\/trail.camadeira.com\/?attachment_id=1246'><img width=\"150\" height=\"150\" src=\"http:\/\/trail.camadeira.com\/wp-content\/uploads\/2015\/02\/10980768_10203649222006333_4409636924408720086_n-150x150.jpg\" class=\"attachment-thumbnail size-thumbnail\" alt=\"\" loading=\"lazy\" \/><\/a>\n\t\t\t<\/dt><\/dl><dl class='gallery-item'>\n\t\t\t<dt class='gallery-icon landscape'>\n\t\t\t\t<a href='http:\/\/trail.camadeira.com\/?attachment_id=1247'><img width=\"150\" height=\"150\" src=\"http:\/\/trail.camadeira.com\/wp-content\/uploads\/2015\/02\/10987688_10152647285277409_4391649340474719081_o-150x150.jpg\" class=\"attachment-thumbnail size-thumbnail\" alt=\"\" loading=\"lazy\" \/><\/a>\n\t\t\t<\/dt><\/dl><br style=\"clear: both\" \/><dl class='gallery-item'>\n\t\t\t<dt class='gallery-icon portrait'>\n\t\t\t\t<a href='http:\/\/trail.camadeira.com\/?attachment_id=1248'><img width=\"150\" height=\"150\" src=\"http:\/\/trail.camadeira.com\/wp-content\/uploads\/2015\/02\/10990814_10203649209246014_975185984369763291_n-150x150.jpg\" class=\"attachment-thumbnail size-thumbnail\" alt=\"\" loading=\"lazy\" \/><\/a>\n\t\t\t<\/dt><\/dl><dl class='gallery-item'>\n\t\t\t<dt class='gallery-icon portrait'>\n\t\t\t\t<a href='http:\/\/trail.camadeira.com\/?attachment_id=1249'><img width=\"150\" height=\"150\" src=\"http:\/\/trail.camadeira.com\/wp-content\/uploads\/2015\/02\/10991344_10203649008320991_3290726982644151726_n-150x150.jpg\" class=\"attachment-thumbnail size-thumbnail\" alt=\"\" loading=\"lazy\" \/><\/a>\n\t\t\t<\/dt><\/dl>\n\t\t\t<br style='clear: both' \/>\n\t\t<\/div>\n\n","protected":false},"excerpt":{"rendered":"<p>A atletas do Clube Aventura da Madeira presentes no I Ultra Trail S\u00e3o Vicente Porto Moniz, com excelentes presta\u00e7\u00f5es. Rui Gon\u00e7alves, Lu\u00eds Rocha e David Henriques estiveram em destaque completando a equipa do Clube Aventura da Madeira, quinta classificada com 15:21:08. A primeira edi\u00e7\u00e3o deste evento foi a primeira prova de Trail Running do ano &hellip; <\/p>\n<p><a class=\"more-link btn\" href=\"http:\/\/trail.camadeira.com\/?p=1236\">Continue a ler<\/a><\/p>\n","protected":false},"author":1,"featured_media":0,"comment_status":"closed","ping_status":"closed","sticky":false,"template":"","format":"standard","meta":[],"categories":[1],"tags":[],"_links":{"self":[{"href":"http:\/\/trail.camadeira.com\/index.php?rest_route=\/wp\/v2\/posts\/1236"}],"collection":[{"href":"http:\/\/trail.camadeira.com\/index.php?rest_route=\/wp\/v2\/posts"}],"about":[{"href":"http:\/\/trail.camadeira.com\/index.php?rest_route=\/wp\/v2\/types\/post"}],"author":[{"embeddable":true,"href":"http:\/\/trail.camadeira.com\/index.php?rest_route=\/wp\/v2\/users\/1"}],"replies":[{"embeddable":true,"href":"http:\/\/trail.camadeira.com\/index.php?rest_route=%2Fwp%2Fv2%2Fcomments&post=1236"}],"version-history":[{"count":5,"href":"http:\/\/trail.camadeira.com\/index.php?rest_route=\/wp\/v2\/posts\/1236\/revisions"}],"predecessor-version":[{"id":1252,"href":"http:\/\/trail.camadeira.com\/index.php?rest_route=\/wp\/v2\/posts\/1236\/revisions\/1252"}],"wp:attachment":[{"href":"http:\/\/trail.camadeira.com\/index.php?rest_route=%2Fwp%2Fv2%2Fmedia&parent=1236"}],"wp:term":[{"taxonomy":"category","embeddable":true,"href":"http:\/\/trail.camadeira.com\/index.php?rest_route=%2Fwp%2Fv2%2Fcategories&post=1236"},{"taxonomy":"post_tag","embeddable":true,"href":"http:\/\/trail.camadeira.com\/index.php?rest_route=%2Fwp%2Fv2%2Ftags&post=1236"}],"curies":[{"name":"wp","href":"https:\/\/api.w.org\/{rel}","templated":true}]}}