{"id":1197,"date":"2014-11-19T00:30:46","date_gmt":"2014-11-18T23:30:46","guid":{"rendered":"http:\/\/trail.camadeira.com\/?p=1197"},"modified":"2014-11-19T01:35:45","modified_gmt":"2014-11-19T00:35:45","slug":"atletas-do-clube-aventura-da-madeira-em-destaque-no-trail-de-camara-de-lobos","status":"publish","type":"post","link":"http:\/\/trail.camadeira.com\/?p=1197","title":{"rendered":"Atletas do Clube Aventura da Madeira em destaque no Trail de C\u00e2mara de Lobos"},"content":{"rendered":"<p>No passado Domingo, 16 de novembro, C\u00e2mara de Lobos recebeu a 2.\u00aa edi\u00e7\u00e3o do Trail de C\u00e2mara de Lobos, numa iniciativa da ACD Jardim da Serra e ACRE.<\/p>\n<p>Lu\u00eds Rocha 4.\u00ba nos masculinos,\u00a0L\u00facia Franco a 1.\u00aa atleta feminina, Olivia Sousa 2.\u00aa, Nadia Meroni 4 da geral e 1.\u00aa veterana F40, subiram ao p\u00f3dio \u00a0 no II Trail de C\u00e2mara de Lobos 47km e 2700m de desn\u00edvel positivo.<\/p>\n<p>A equipa feminina do Clube Aventura da Madeira foi a \u00fanica se se classificou, com a excelente presta\u00e7\u00e3o de L\u00facia Franco, Olivia Sousa e \u00a0Nadia Meroni. Nos masculinos, Lu\u00eds Rocha, Ricardo Quintal e Jos\u00e9 Henriques fecharam a equipa do Clube Aventura da Madeira que concluiu o TCL47km na terceira posi\u00e7\u00e3o.<\/p>\n<p>RESULTADOS Clube Aventura da Madeira &#8211; II Trail C\u00e2mara de Lobos 47km<\/p>\n<table width=\"592\">\n<tbody>\n<tr>\n<td width=\"54\">CLASS<\/td>\n<td width=\"58\">PEIT<\/td>\n<td width=\"105\">NOME<\/td>\n<td width=\"229\">CLUBE<\/td>\n<td width=\"82\">Escal\u00e3o<\/td>\n<td width=\"64\">Tempo<\/td>\n<\/tr>\n<tr>\n<td width=\"54\">4<\/td>\n<td width=\"58\">16<\/td>\n<td width=\"105\">Lu\u00eds Rocha<\/td>\n<td width=\"229\">CLUBE AVENTURA DA MADEIRA<\/td>\n<td width=\"82\">SEN M<\/td>\n<td width=\"64\">06:18:07<\/td>\n<\/tr>\n<tr>\n<td width=\"54\">16<\/td>\n<td width=\"58\">39<\/td>\n<td width=\"105\">Ricardo Quintal<\/td>\n<td width=\"229\">CLUBE AVENTURA DA MADEIRA<\/td>\n<td width=\"82\">SUB 23 M<\/td>\n<td width=\"64\">06:46:40<\/td>\n<\/tr>\n<tr>\n<td width=\"54\">23<\/td>\n<td width=\"58\">5<\/td>\n<td width=\"105\">Jos\u00e9 Henriques<\/td>\n<td width=\"229\">CLUBE AVENTURA DA MADEIRA<\/td>\n<td width=\"82\">SEN M<\/td>\n<td width=\"64\">07:01:40<\/td>\n<\/tr>\n<tr>\n<td width=\"54\">33<\/td>\n<td width=\"58\">82<\/td>\n<td width=\"105\">L\u00facia Franco<\/td>\n<td width=\"229\">CLUBE AVENTURA DA MADEIRA<\/td>\n<td width=\"82\">SEN F<\/td>\n<td width=\"64\">07:28:30<\/td>\n<\/tr>\n<tr>\n<td width=\"54\">36<\/td>\n<td width=\"58\">27<\/td>\n<td width=\"105\">Jo\u00e3o Mendon\u00e7a<\/td>\n<td width=\"229\">CLUBE AVENTURA DA MADEIRA<\/td>\n<td width=\"82\">M40<\/td>\n<td width=\"64\">07:50:05<\/td>\n<\/tr>\n<tr>\n<td width=\"54\">37<\/td>\n<td width=\"58\">60<\/td>\n<td width=\"105\">Ol\u00edvia Sousa<\/td>\n<td width=\"229\">CLUBE AVENTURA DA MADEIRA<\/td>\n<td width=\"82\">SEN F<\/td>\n<td width=\"64\">07:50:39<\/td>\n<\/tr>\n<tr>\n<td width=\"54\">42<\/td>\n<td width=\"58\">45<\/td>\n<td width=\"105\">Jos\u00e9 Nunes<\/td>\n<td width=\"229\">CLUBE AVENTURA DA MADEIRA<\/td>\n<td width=\"82\">M50<\/td>\n<td width=\"64\">08:01:02<\/td>\n<\/tr>\n<tr>\n<td width=\"54\">59<\/td>\n<td width=\"58\">85<\/td>\n<td width=\"105\">Marco Ramos<\/td>\n<td width=\"229\">CLUBE AVENTURA DA MADEIRA<\/td>\n<td width=\"82\">SEN M<\/td>\n<td width=\"64\">08:56:01<\/td>\n<\/tr>\n<tr>\n<td width=\"54\">62<\/td>\n<td width=\"58\">28<\/td>\n<td width=\"105\">Nadia Meroni<\/td>\n<td width=\"229\">CLUBE AVENTURA DA MADEIRA<\/td>\n<td width=\"82\">F40<\/td>\n<td width=\"64\">09:05:14<\/td>\n<\/tr>\n<\/tbody>\n<\/table>\n<p>&nbsp;<\/p>\n<p>No Trail C\u00e2mara de Lobos 20km, destaque para a participa\u00e7\u00e3o de Humberto Barros, Duarte Greg\u00f3rio e Jo\u00e3o Soares.<\/p>\n<table width=\"568\">\n<tbody>\n<tr>\n<td width=\"51\">CLASS<\/td>\n<td width=\"49\">PEIT<\/td>\n<td width=\"125\">NOME<\/td>\n<td width=\"215\">CLUBE<\/td>\n<td width=\"64\">Escal\u00e3o<\/td>\n<td width=\"64\">Tempo<\/td>\n<\/tr>\n<tr>\n<td width=\"51\">7<\/td>\n<td width=\"49\">150<\/td>\n<td width=\"125\">Humberto Barros<\/td>\n<td width=\"215\">Clube Aventura da Madeira<\/td>\n<td width=\"64\">SEN M<\/td>\n<td width=\"64\">02:08:15<\/td>\n<\/tr>\n<tr>\n<td width=\"51\">81<\/td>\n<td width=\"49\">310<\/td>\n<td width=\"125\">Duarte Greg\u00f3rio<\/td>\n<td width=\"215\">Clube Aventura da Madeira<\/td>\n<td width=\"64\">M50<\/td>\n<td width=\"64\">02:48:08<\/td>\n<\/tr>\n<tr>\n<td width=\"51\">86<\/td>\n<td width=\"49\">185<\/td>\n<td width=\"125\">Joao Soares<\/td>\n<td width=\"215\">Clube Aventura da Madeira<\/td>\n<td width=\"64\">M50<\/td>\n<td width=\"64\">02:49:17<\/td>\n<\/tr>\n<\/tbody>\n<\/table>\n<p>Fotos Facebook \u00a0Jos\u00e9 Cust\u00f3dio e TCL<\/p>\n\n\t\t<style type=\"text\/css\">\n\t\t\t#gallery-1 {\n\t\t\t\tmargin: auto;\n\t\t\t}\n\t\t\t#gallery-1 .gallery-item {\n\t\t\t\tfloat: left;\n\t\t\t\tmargin-top: 10px;\n\t\t\t\ttext-align: center;\n\t\t\t\twidth: 33%;\n\t\t\t}\n\t\t\t#gallery-1 img {\n\t\t\t\tborder: 2px solid #cfcfcf;\n\t\t\t}\n\t\t\t#gallery-1 .gallery-caption {\n\t\t\t\tmargin-left: 0;\n\t\t\t}\n\t\t\t\/* see gallery_shortcode() in wp-includes\/media.php *\/\n\t\t<\/style>\n\t\t<div id='gallery-1' class='gallery galleryid-1197 gallery-columns-3 gallery-size-thumbnail'><dl class='gallery-item'>\n\t\t\t<dt class='gallery-icon landscape'>\n\t\t\t\t<a href='http:\/\/trail.camadeira.com\/?attachment_id=1200'><img width=\"150\" height=\"150\" src=\"http:\/\/trail.camadeira.com\/wp-content\/uploads\/2014\/11\/9772_10205358200693835_369954408217954997_n-150x150.jpg\" class=\"attachment-thumbnail size-thumbnail\" alt=\"\" loading=\"lazy\" \/><\/a>\n\t\t\t<\/dt><\/dl><dl class='gallery-item'>\n\t\t\t<dt class='gallery-icon landscape'>\n\t\t\t\t<a href='http:\/\/trail.camadeira.com\/?attachment_id=1201'><img width=\"150\" height=\"150\" src=\"http:\/\/trail.camadeira.com\/wp-content\/uploads\/2014\/11\/1393729_10203063037596904_601259702910277332_n-150x150.jpg\" class=\"attachment-thumbnail size-thumbnail\" alt=\"\" loading=\"lazy\" \/><\/a>\n\t\t\t<\/dt><\/dl><dl class='gallery-item'>\n\t\t\t<dt class='gallery-icon portrait'>\n\t\t\t\t<a href='http:\/\/trail.camadeira.com\/?attachment_id=1202'><img width=\"150\" height=\"150\" src=\"http:\/\/trail.camadeira.com\/wp-content\/uploads\/2014\/11\/1466237_10203063008356173_2586402954926548016_n-150x150.jpg\" class=\"attachment-thumbnail size-thumbnail\" alt=\"\" loading=\"lazy\" \/><\/a>\n\t\t\t<\/dt><\/dl><br style=\"clear: both\" \/><dl class='gallery-item'>\n\t\t\t<dt class='gallery-icon landscape'>\n\t\t\t\t<a href='http:\/\/trail.camadeira.com\/?attachment_id=1203'><img width=\"150\" height=\"150\" src=\"http:\/\/trail.camadeira.com\/wp-content\/uploads\/2014\/11\/1466237_10203063037116892_6374987254486624139_n-150x150.jpg\" class=\"attachment-thumbnail size-thumbnail\" alt=\"\" loading=\"lazy\" \/><\/a>\n\t\t\t<\/dt><\/dl><dl class='gallery-item'>\n\t\t\t<dt class='gallery-icon portrait'>\n\t\t\t\t<a href='http:\/\/trail.camadeira.com\/?attachment_id=1204'><img width=\"150\" height=\"150\" src=\"http:\/\/trail.camadeira.com\/wp-content\/uploads\/2014\/11\/1497809_10203063036036865_6796473147613771766_n-150x150.jpg\" class=\"attachment-thumbnail size-thumbnail\" alt=\"\" loading=\"lazy\" \/><\/a>\n\t\t\t<\/dt><\/dl><dl class='gallery-item'>\n\t\t\t<dt class='gallery-icon landscape'>\n\t\t\t\t<a href='http:\/\/trail.camadeira.com\/?attachment_id=1205'><img width=\"150\" height=\"150\" src=\"http:\/\/trail.camadeira.com\/wp-content\/uploads\/2014\/11\/1509049_10205357979328301_630087975200038195_n-150x150.jpg\" class=\"attachment-thumbnail size-thumbnail\" alt=\"\" loading=\"lazy\" \/><\/a>\n\t\t\t<\/dt><\/dl><br style=\"clear: both\" \/><dl class='gallery-item'>\n\t\t\t<dt class='gallery-icon landscape'>\n\t\t\t\t<a href='http:\/\/trail.camadeira.com\/?attachment_id=1206'><img width=\"150\" height=\"150\" src=\"http:\/\/trail.camadeira.com\/wp-content\/uploads\/2014\/11\/10376290_10203063029396699_2714006373342070937_n-150x150.jpg\" class=\"attachment-thumbnail size-thumbnail\" alt=\"\" loading=\"lazy\" \/><\/a>\n\t\t\t<\/dt><\/dl><dl class='gallery-item'>\n\t\t\t<dt class='gallery-icon landscape'>\n\t\t\t\t<a href='http:\/\/trail.camadeira.com\/?attachment_id=1207'><img width=\"150\" height=\"150\" src=\"http:\/\/trail.camadeira.com\/wp-content\/uploads\/2014\/11\/10403095_10203063028436675_7618606044703279798_n-150x150.jpg\" class=\"attachment-thumbnail size-thumbnail\" alt=\"\" loading=\"lazy\" \/><\/a>\n\t\t\t<\/dt><\/dl><dl class='gallery-item'>\n\t\t\t<dt class='gallery-icon portrait'>\n\t\t\t\t<a href='http:\/\/trail.camadeira.com\/?attachment_id=1208'><img width=\"150\" height=\"150\" src=\"http:\/\/trail.camadeira.com\/wp-content\/uploads\/2014\/11\/10407769_10203063017076391_152633723782027771_n-150x150.jpg\" class=\"attachment-thumbnail size-thumbnail\" alt=\"\" loading=\"lazy\" \/><\/a>\n\t\t\t<\/dt><\/dl><br style=\"clear: both\" \/><dl class='gallery-item'>\n\t\t\t<dt class='gallery-icon portrait'>\n\t\t\t\t<a href='http:\/\/trail.camadeira.com\/?attachment_id=1209'><img width=\"150\" height=\"150\" src=\"http:\/\/trail.camadeira.com\/wp-content\/uploads\/2014\/11\/10414496_10203063009236195_2086492888521632977_n-150x150.jpg\" class=\"attachment-thumbnail size-thumbnail\" alt=\"\" loading=\"lazy\" \/><\/a>\n\t\t\t<\/dt><\/dl><dl class='gallery-item'>\n\t\t\t<dt class='gallery-icon landscape'>\n\t\t\t\t<a href='http:\/\/trail.camadeira.com\/?attachment_id=1210'><img width=\"150\" height=\"150\" src=\"http:\/\/trail.camadeira.com\/wp-content\/uploads\/2014\/11\/10450654_10205358284335926_7173790449264281699_n-150x150.jpg\" class=\"attachment-thumbnail size-thumbnail\" alt=\"\" loading=\"lazy\" \/><\/a>\n\t\t\t<\/dt><\/dl><dl class='gallery-item'>\n\t\t\t<dt class='gallery-icon landscape'>\n\t\t\t\t<a href='http:\/\/trail.camadeira.com\/?attachment_id=1211'><img width=\"150\" height=\"150\" src=\"http:\/\/trail.camadeira.com\/wp-content\/uploads\/2014\/11\/10484953_10203063036716882_3138170966048536336_n-150x150.jpg\" class=\"attachment-thumbnail size-thumbnail\" alt=\"\" loading=\"lazy\" \/><\/a>\n\t\t\t<\/dt><\/dl><br style=\"clear: both\" \/><dl class='gallery-item'>\n\t\t\t<dt class='gallery-icon landscape'>\n\t\t\t\t<a href='http:\/\/trail.camadeira.com\/?attachment_id=1212'><img width=\"150\" height=\"150\" src=\"http:\/\/trail.camadeira.com\/wp-content\/uploads\/2014\/11\/10599578_10205358043689910_8789656303091662839_n-150x150.jpg\" class=\"attachment-thumbnail size-thumbnail\" alt=\"\" loading=\"lazy\" \/><\/a>\n\t\t\t<\/dt><\/dl><dl class='gallery-item'>\n\t\t\t<dt class='gallery-icon landscape'>\n\t\t\t\t<a href='http:\/\/trail.camadeira.com\/?attachment_id=1213'><img width=\"150\" height=\"150\" src=\"http:\/\/trail.camadeira.com\/wp-content\/uploads\/2014\/11\/10606427_10203063025396599_1596192010928939473_n-150x150.jpg\" class=\"attachment-thumbnail size-thumbnail\" alt=\"\" loading=\"lazy\" \/><\/a>\n\t\t\t<\/dt><\/dl><dl class='gallery-item'>\n\t\t\t<dt class='gallery-icon portrait'>\n\t\t\t\t<a href='http:\/\/trail.camadeira.com\/?attachment_id=1214'><img width=\"150\" height=\"150\" src=\"http:\/\/trail.camadeira.com\/wp-content\/uploads\/2014\/11\/10686936_10203063022356523_8983083203964786764_n-150x150.jpg\" class=\"attachment-thumbnail size-thumbnail\" alt=\"\" loading=\"lazy\" \/><\/a>\n\t\t\t<\/dt><\/dl><br style=\"clear: both\" \/><dl class='gallery-item'>\n\t\t\t<dt class='gallery-icon portrait'>\n\t\t\t\t<a href='http:\/\/trail.camadeira.com\/?attachment_id=1215'><img width=\"150\" height=\"150\" src=\"http:\/\/trail.camadeira.com\/wp-content\/uploads\/2014\/11\/10710867_10203063007756158_5042221012437455160_n-150x150.jpg\" class=\"attachment-thumbnail size-thumbnail\" alt=\"\" loading=\"lazy\" \/><\/a>\n\t\t\t<\/dt><\/dl><dl class='gallery-item'>\n\t\t\t<dt class='gallery-icon landscape'>\n\t\t\t\t<a href='http:\/\/trail.camadeira.com\/?attachment_id=1216'><img width=\"150\" height=\"150\" src=\"http:\/\/trail.camadeira.com\/wp-content\/uploads\/2014\/11\/10734149_10205358181293350_3984230520705256242_n-150x150.jpg\" class=\"attachment-thumbnail size-thumbnail\" alt=\"\" loading=\"lazy\" \/><\/a>\n\t\t\t<\/dt><\/dl><dl class='gallery-item'>\n\t\t\t<dt class='gallery-icon landscape'>\n\t\t\t\t<a href='http:\/\/trail.camadeira.com\/?attachment_id=1217'><img width=\"150\" height=\"150\" src=\"http:\/\/trail.camadeira.com\/wp-content\/uploads\/2014\/11\/10802034_10203063030236720_5573283600505179127_n-150x150.jpg\" class=\"attachment-thumbnail size-thumbnail\" alt=\"\" loading=\"lazy\" \/><\/a>\n\t\t\t<\/dt><\/dl><br style=\"clear: both\" \/><dl class='gallery-item'>\n\t\t\t<dt class='gallery-icon portrait'>\n\t\t\t\t<a href='http:\/\/trail.camadeira.com\/?attachment_id=1219'><img width=\"150\" height=\"150\" src=\"http:\/\/trail.camadeira.com\/wp-content\/uploads\/2014\/11\/unnamed-1-150x150.jpg\" class=\"attachment-thumbnail size-thumbnail\" alt=\"\" loading=\"lazy\" \/><\/a>\n\t\t\t<\/dt><\/dl><dl class='gallery-item'>\n\t\t\t<dt class='gallery-icon portrait'>\n\t\t\t\t<a href='http:\/\/trail.camadeira.com\/?attachment_id=1220'><img width=\"150\" height=\"150\" src=\"http:\/\/trail.camadeira.com\/wp-content\/uploads\/2014\/11\/unnamed-2-150x150.jpg\" class=\"attachment-thumbnail size-thumbnail\" alt=\"\" loading=\"lazy\" \/><\/a>\n\t\t\t<\/dt><\/dl><dl class='gallery-item'>\n\t\t\t<dt class='gallery-icon landscape'>\n\t\t\t\t<a href='http:\/\/trail.camadeira.com\/?attachment_id=1221'><img width=\"150\" height=\"150\" src=\"http:\/\/trail.camadeira.com\/wp-content\/uploads\/2014\/11\/unnamed-3-150x150.jpg\" class=\"attachment-thumbnail size-thumbnail\" alt=\"\" loading=\"lazy\" \/><\/a>\n\t\t\t<\/dt><\/dl><br style=\"clear: both\" \/><dl class='gallery-item'>\n\t\t\t<dt class='gallery-icon portrait'>\n\t\t\t\t<a href='http:\/\/trail.camadeira.com\/?attachment_id=1222'><img width=\"150\" height=\"150\" src=\"http:\/\/trail.camadeira.com\/wp-content\/uploads\/2014\/11\/unnamed-4-150x150.jpg\" class=\"attachment-thumbnail size-thumbnail\" alt=\"\" loading=\"lazy\" \/><\/a>\n\t\t\t<\/dt><\/dl><dl class='gallery-item'>\n\t\t\t<dt class='gallery-icon landscape'>\n\t\t\t\t<a href='http:\/\/trail.camadeira.com\/?attachment_id=1223'><img width=\"150\" height=\"150\" src=\"http:\/\/trail.camadeira.com\/wp-content\/uploads\/2014\/11\/unnamed-5-150x150.jpg\" class=\"attachment-thumbnail size-thumbnail\" alt=\"\" loading=\"lazy\" \/><\/a>\n\t\t\t<\/dt><\/dl><dl class='gallery-item'>\n\t\t\t<dt class='gallery-icon landscape'>\n\t\t\t\t<a href='http:\/\/trail.camadeira.com\/?attachment_id=1224'><img width=\"150\" height=\"150\" src=\"http:\/\/trail.camadeira.com\/wp-content\/uploads\/2014\/11\/unnamed-6-150x150.jpg\" class=\"attachment-thumbnail size-thumbnail\" alt=\"\" loading=\"lazy\" \/><\/a>\n\t\t\t<\/dt><\/dl><br style=\"clear: both\" \/><dl class='gallery-item'>\n\t\t\t<dt class='gallery-icon landscape'>\n\t\t\t\t<a href='http:\/\/trail.camadeira.com\/?attachment_id=1225'><img width=\"150\" height=\"150\" src=\"http:\/\/trail.camadeira.com\/wp-content\/uploads\/2014\/11\/unnamed-7-150x150.jpg\" class=\"attachment-thumbnail size-thumbnail\" alt=\"\" loading=\"lazy\" \/><\/a>\n\t\t\t<\/dt><\/dl><dl class='gallery-item'>\n\t\t\t<dt class='gallery-icon landscape'>\n\t\t\t\t<a href='http:\/\/trail.camadeira.com\/?attachment_id=1226'><img width=\"150\" height=\"150\" src=\"http:\/\/trail.camadeira.com\/wp-content\/uploads\/2014\/11\/unnamed-8-150x150.jpg\" class=\"attachment-thumbnail size-thumbnail\" alt=\"\" loading=\"lazy\" \/><\/a>\n\t\t\t<\/dt><\/dl><dl class='gallery-item'>\n\t\t\t<dt class='gallery-icon landscape'>\n\t\t\t\t<a href='http:\/\/trail.camadeira.com\/?attachment_id=1227'><img width=\"150\" height=\"150\" src=\"http:\/\/trail.camadeira.com\/wp-content\/uploads\/2014\/11\/unnamed-9-150x150.jpg\" class=\"attachment-thumbnail size-thumbnail\" alt=\"\" loading=\"lazy\" \/><\/a>\n\t\t\t<\/dt><\/dl><br style=\"clear: both\" \/><dl class='gallery-item'>\n\t\t\t<dt class='gallery-icon portrait'>\n\t\t\t\t<a href='http:\/\/trail.camadeira.com\/?attachment_id=1228'><img width=\"150\" height=\"150\" src=\"http:\/\/trail.camadeira.com\/wp-content\/uploads\/2014\/11\/unnamed-150x150.jpg\" class=\"attachment-thumbnail size-thumbnail\" alt=\"\" loading=\"lazy\" \/><\/a>\n\t\t\t<\/dt><\/dl>\n\t\t\t<br style='clear: both' \/>\n\t\t<\/div>\n\n","protected":false},"excerpt":{"rendered":"<p>No passado Domingo, 16 de novembro, C\u00e2mara de Lobos recebeu a 2.\u00aa edi\u00e7\u00e3o do Trail de C\u00e2mara de Lobos, numa iniciativa da ACD Jardim da Serra e ACRE. Lu\u00eds Rocha 4.\u00ba nos masculinos,\u00a0L\u00facia Franco a 1.\u00aa atleta feminina, Olivia Sousa 2.\u00aa, Nadia Meroni 4 da geral e 1.\u00aa veterana F40, subiram ao p\u00f3dio \u00a0 no &hellip; <\/p>\n<p><a class=\"more-link btn\" href=\"http:\/\/trail.camadeira.com\/?p=1197\">Continue a ler<\/a><\/p>\n","protected":false},"author":1,"featured_media":0,"comment_status":"closed","ping_status":"closed","sticky":false,"template":"","format":"standard","meta":[],"categories":[1],"tags":[],"_links":{"self":[{"href":"http:\/\/trail.camadeira.com\/index.php?rest_route=\/wp\/v2\/posts\/1197"}],"collection":[{"href":"http:\/\/trail.camadeira.com\/index.php?rest_route=\/wp\/v2\/posts"}],"about":[{"href":"http:\/\/trail.camadeira.com\/index.php?rest_route=\/wp\/v2\/types\/post"}],"author":[{"embeddable":true,"href":"http:\/\/trail.camadeira.com\/index.php?rest_route=\/wp\/v2\/users\/1"}],"replies":[{"embeddable":true,"href":"http:\/\/trail.camadeira.com\/index.php?rest_route=%2Fwp%2Fv2%2Fcomments&post=1197"}],"version-history":[{"count":5,"href":"http:\/\/trail.camadeira.com\/index.php?rest_route=\/wp\/v2\/posts\/1197\/revisions"}],"predecessor-version":[{"id":1231,"href":"http:\/\/trail.camadeira.com\/index.php?rest_route=\/wp\/v2\/posts\/1197\/revisions\/1231"}],"wp:attachment":[{"href":"http:\/\/trail.camadeira.com\/index.php?rest_route=%2Fwp%2Fv2%2Fmedia&parent=1197"}],"wp:term":[{"taxonomy":"category","embeddable":true,"href":"http:\/\/trail.camadeira.com\/index.php?rest_route=%2Fwp%2Fv2%2Fcategories&post=1197"},{"taxonomy":"post_tag","embeddable":true,"href":"http:\/\/trail.camadeira.com\/index.php?rest_route=%2Fwp%2Fv2%2Ftags&post=1197"}],"curies":[{"name":"wp","href":"https:\/\/api.w.org\/{rel}","templated":true}]}}