{"id":1153,"date":"2014-10-12T17:07:47","date_gmt":"2014-10-12T16:07:47","guid":{"rendered":"http:\/\/trail.camadeira.com\/?p=1153"},"modified":"2014-10-14T01:57:19","modified_gmt":"2014-10-14T00:57:19","slug":"resultados-ii-mwg-trail-challenge-12-outubro-2014","status":"publish","type":"post","link":"http:\/\/trail.camadeira.com\/?p=1153","title":{"rendered":"RESULTADOS II MWG TRAIL CHALLENGE &#8211; 12 OUTUBRO 2014"},"content":{"rendered":"<ul>\n<li><a href=\"http:\/\/trail.camadeira.com\/?page_id=1159\" target=\"_blank\">RESULTADOS MWG Trail Challenge\u00a0<\/a><\/li>\n<\/ul>\n<p>Duas centenas de atletas correram nas serras de Santa Cruz no MWG Trail Challenge, evento que decorreu esta manh\u00e3 com partida e chegada na zona central do Montado do Pereiro, \u00a0uma organiza\u00e7\u00e3o no \u00e2mbito do Festival da Natureza da Madeira.<\/p>\n<p>A organiza\u00e7\u00e3o do Clube Aventura da Madeira montou um circuito que permitiu a competi\u00e7\u00e3o nas dist\u00e2ncias de 11km com 500m de desn\u00edvel postivo acumulado e 21km com 1000m de desn\u00edvel positivo, num desafio que percorreu florestas de folhosas e pinheiros, envolvendo pequenos trilhos, caminhos e passagem por alguns dos recantos mais bonitos das serras do Poiso e Carreiras.<\/p>\n<p>Mais informa\u00e7\u00e3o, resultados e fotos, brevemente.<\/p>\n<p><a href=\"http:\/\/trail.camadeira.com\/wp-content\/uploads\/2014\/10\/IMG_0858.jpg\"><img loading=\"lazy\" class=\"aligncenter  wp-image-1155\" src=\"http:\/\/trail.camadeira.com\/wp-content\/uploads\/2014\/10\/IMG_0858.jpg\" alt=\"IMG_0858\" width=\"782\" height=\"521\" srcset=\"http:\/\/trail.camadeira.com\/wp-content\/uploads\/2014\/10\/IMG_0858.jpg 1024w, http:\/\/trail.camadeira.com\/wp-content\/uploads\/2014\/10\/IMG_0858-300x200.jpg 300w\" sizes=\"(max-width: 782px) 100vw, 782px\" \/><\/a><\/p>\n","protected":false},"excerpt":{"rendered":"<p>RESULTADOS MWG Trail Challenge\u00a0 Duas centenas de atletas correram nas serras de Santa Cruz no MWG Trail Challenge, evento que decorreu esta manh\u00e3 com partida e chegada na zona central do Montado do Pereiro, \u00a0uma organiza\u00e7\u00e3o no \u00e2mbito do Festival da Natureza da Madeira. A organiza\u00e7\u00e3o do Clube Aventura da Madeira montou um circuito que &hellip; <\/p>\n<p><a class=\"more-link btn\" href=\"http:\/\/trail.camadeira.com\/?p=1153\">Continue a ler<\/a><\/p>\n","protected":false},"author":1,"featured_media":0,"comment_status":"closed","ping_status":"closed","sticky":false,"template":"","format":"standard","meta":[],"categories":[1],"tags":[],"_links":{"self":[{"href":"http:\/\/trail.camadeira.com\/index.php?rest_route=\/wp\/v2\/posts\/1153"}],"collection":[{"href":"http:\/\/trail.camadeira.com\/index.php?rest_route=\/wp\/v2\/posts"}],"about":[{"href":"http:\/\/trail.camadeira.com\/index.php?rest_route=\/wp\/v2\/types\/post"}],"author":[{"embeddable":true,"href":"http:\/\/trail.camadeira.com\/index.php?rest_route=\/wp\/v2\/users\/1"}],"replies":[{"embeddable":true,"href":"http:\/\/trail.camadeira.com\/index.php?rest_route=%2Fwp%2Fv2%2Fcomments&post=1153"}],"version-history":[{"count":3,"href":"http:\/\/trail.camadeira.com\/index.php?rest_route=\/wp\/v2\/posts\/1153\/revisions"}],"predecessor-version":[{"id":1192,"href":"http:\/\/trail.camadeira.com\/index.php?rest_route=\/wp\/v2\/posts\/1153\/revisions\/1192"}],"wp:attachment":[{"href":"http:\/\/trail.camadeira.com\/index.php?rest_route=%2Fwp%2Fv2%2Fmedia&parent=1153"}],"wp:term":[{"taxonomy":"category","embeddable":true,"href":"http:\/\/trail.camadeira.com\/index.php?rest_route=%2Fwp%2Fv2%2Fcategories&post=1153"},{"taxonomy":"post_tag","embeddable":true,"href":"http:\/\/trail.camadeira.com\/index.php?rest_route=%2Fwp%2Fv2%2Ftags&post=1153"}],"curies":[{"name":"wp","href":"https:\/\/api.w.org\/{rel}","templated":true}]}}