{"id":1148,"date":"2014-10-11T21:32:04","date_gmt":"2014-10-11T20:32:04","guid":{"rendered":"http:\/\/trail.camadeira.com\/?p=1148"},"modified":"2014-10-11T21:32:04","modified_gmt":"2014-10-11T20:32:04","slug":"programa","status":"publish","type":"post","link":"http:\/\/trail.camadeira.com\/?p=1148","title":{"rendered":"PROGRAMA"},"content":{"rendered":"<p><b>Programa<\/b><\/p>\n<p><b>12\u00a0Outubro\u00a0\u00a0\u2013 \u00a0Secretariado\u00a0<\/b>no centro do evento, no\u00a0Montado do Pereiro entre as 9h00 e as 10h15<\/p>\n<p><b><\/b><b>Domingo, 12\u00a0de Outubro de 2014 \u2013\u00a0<\/b>Dia do evento.<\/p>\n<p>9h00 \u2013 Abertura do centro do evento -Montado do Pereiro<\/p>\n<p>9h00\/10h15\u00a0\u2013 Funcionamento do secretariado<\/p>\n<p>10h10 \u2013 Entrada\u00a0dos participantes em zona de concentra\u00e7\u00e3o, verifica\u00e7\u00e3o de chips.<\/p>\n<p>10h15 \u2013 Reuni\u00e3o com os participantes<\/p>\n<p>10h30 \u2013 Partida MWG Trail Challenge MWG TC 21Km e MWG STS 11km<\/p>\n<p>14h00 \u2013 Entrega de Pr\u00e9mios (previs\u00e3o)<\/p>\n","protected":false},"excerpt":{"rendered":"<p>Programa 12\u00a0Outubro\u00a0\u00a0\u2013 \u00a0Secretariado\u00a0no centro do evento, no\u00a0Montado do Pereiro entre as 9h00 e as 10h15 Domingo, 12\u00a0de Outubro de 2014 \u2013\u00a0Dia do evento. 9h00 \u2013 Abertura do centro do evento -Montado do Pereiro 9h00\/10h15\u00a0\u2013 Funcionamento do secretariado 10h10 \u2013 Entrada\u00a0dos participantes em zona de concentra\u00e7\u00e3o, verifica\u00e7\u00e3o de chips. 10h15 \u2013 Reuni\u00e3o com os participantes 10h30 &hellip; <\/p>\n<p><a class=\"more-link btn\" href=\"http:\/\/trail.camadeira.com\/?p=1148\">Continue a ler<\/a><\/p>\n","protected":false},"author":1,"featured_media":0,"comment_status":"closed","ping_status":"closed","sticky":false,"template":"","format":"standard","meta":[],"categories":[1],"tags":[],"_links":{"self":[{"href":"http:\/\/trail.camadeira.com\/index.php?rest_route=\/wp\/v2\/posts\/1148"}],"collection":[{"href":"http:\/\/trail.camadeira.com\/index.php?rest_route=\/wp\/v2\/posts"}],"about":[{"href":"http:\/\/trail.camadeira.com\/index.php?rest_route=\/wp\/v2\/types\/post"}],"author":[{"embeddable":true,"href":"http:\/\/trail.camadeira.com\/index.php?rest_route=\/wp\/v2\/users\/1"}],"replies":[{"embeddable":true,"href":"http:\/\/trail.camadeira.com\/index.php?rest_route=%2Fwp%2Fv2%2Fcomments&post=1148"}],"version-history":[{"count":1,"href":"http:\/\/trail.camadeira.com\/index.php?rest_route=\/wp\/v2\/posts\/1148\/revisions"}],"predecessor-version":[{"id":1149,"href":"http:\/\/trail.camadeira.com\/index.php?rest_route=\/wp\/v2\/posts\/1148\/revisions\/1149"}],"wp:attachment":[{"href":"http:\/\/trail.camadeira.com\/index.php?rest_route=%2Fwp%2Fv2%2Fmedia&parent=1148"}],"wp:term":[{"taxonomy":"category","embeddable":true,"href":"http:\/\/trail.camadeira.com\/index.php?rest_route=%2Fwp%2Fv2%2Fcategories&post=1148"},{"taxonomy":"post_tag","embeddable":true,"href":"http:\/\/trail.camadeira.com\/index.php?rest_route=%2Fwp%2Fv2%2Ftags&post=1148"}],"curies":[{"name":"wp","href":"https:\/\/api.w.org\/{rel}","templated":true}]}}