{"id":1107,"date":"2014-10-05T17:28:27","date_gmt":"2014-10-05T16:28:27","guid":{"rendered":"http:\/\/trail.camadeira.com\/?p=1107"},"modified":"2014-10-06T23:31:10","modified_gmt":"2014-10-06T22:31:10","slug":"lista-de-inscricoes-mwg-trail-challenge","status":"publish","type":"post","link":"http:\/\/trail.camadeira.com\/?p=1107","title":{"rendered":"Lista de Inscri\u00e7\u00f5es MWG Trail Challenge"},"content":{"rendered":"<p><strong>A organiza\u00e7\u00e3o informa o seguinte:<\/strong><\/p>\n<p>As inscri\u00e7\u00f5es para o II MWG Trail Challenge s\u00e3o condicionadas\u00a0por limita\u00e7\u00f5es log\u00edsticas e pelas carater\u00edsticas do percurso. Inicialmente foram estabelecidas em 150 as inscri\u00e7\u00f5es com garantia de aceita\u00e7\u00e3o pela organiza\u00e7\u00e3o. As inscri\u00e7\u00f5es abriram \u00e0s 15h20 do dia 29 de setembro e encerraram \u00e0s 15h12 de 30 de Outubro, com 212 inscri\u00e7\u00f5es submetidas.<\/p>\n<p>A organiza\u00e7\u00e3o informou por email todos os interessados que submeteram a inscri\u00e7\u00e3o. Existiram alguns pagamentos, dentro do per\u00edodo em que estiveram abertas as inscri\u00e7\u00f5es, cuja submiss\u00e3o de dados n\u00e3o foi corretamente efetuada.<\/p>\n<p><strong>No contexto da informa\u00e7\u00e3o acima descrita, solicitamos a melhor aten\u00e7\u00e3o e leitura por\u00a0todos os interessados e informamos o seguinte:<\/strong><\/p>\n<p>Todos as inscri\u00e7\u00f5es n\u00e3o confirmadas ser\u00e3o retiradas de lista e n\u00e3o consideradas para efeito de participa\u00e7\u00e3o na prova, se at\u00e9 \u00e0s <strong>12h de segunda-feira, 6 de Outubro de 2014<\/strong> n\u00e3o for enviado o respetivo comprovativo do pagamento para: trailaventuramadeira@gmail.com<\/p>\n<p>Caso o n\u00famero de desist\u00eancias ou aus\u00eancia de envio do comprovativo de pagamento proporcione vagas para completar 200 participantes no total das duas dist\u00e2ncias, ser\u00e3o contatados os interessados que de forma escrita manifestaram interesse em participar, e por ordem de rece\u00e7\u00e3o da comunica\u00e7\u00e3o.<\/p>\n<p><strong>Verifique todos os dados<\/strong> da sua inscri\u00e7\u00e3o (nome, clube, escal\u00e3o, e situa\u00e7\u00e3o) e caso tenha chip Sportident pr\u00f3prio poder\u00e1 indicar a sua utiliza\u00e7\u00e3o.<\/p>\n<p><a href=\"http:\/\/trail.camadeira.com\/wp-content\/uploads\/2014\/10\/MWG2014_inscritos.htm\" target=\"_blank\"><strong>Lista de Inscri\u00e7\u00f5es MWG2014<\/strong><\/a><\/p>\n","protected":false},"excerpt":{"rendered":"<p>A organiza\u00e7\u00e3o informa o seguinte: As inscri\u00e7\u00f5es para o II MWG Trail Challenge s\u00e3o condicionadas\u00a0por limita\u00e7\u00f5es log\u00edsticas e pelas carater\u00edsticas do percurso. Inicialmente foram estabelecidas em 150 as inscri\u00e7\u00f5es com garantia de aceita\u00e7\u00e3o pela organiza\u00e7\u00e3o. As inscri\u00e7\u00f5es abriram \u00e0s 15h20 do dia 29 de setembro e encerraram \u00e0s 15h12 de 30 de Outubro, com 212 &hellip; <\/p>\n<p><a class=\"more-link btn\" href=\"http:\/\/trail.camadeira.com\/?p=1107\">Continue a ler<\/a><\/p>\n","protected":false},"author":1,"featured_media":0,"comment_status":"closed","ping_status":"closed","sticky":false,"template":"","format":"standard","meta":[],"categories":[1],"tags":[],"_links":{"self":[{"href":"http:\/\/trail.camadeira.com\/index.php?rest_route=\/wp\/v2\/posts\/1107"}],"collection":[{"href":"http:\/\/trail.camadeira.com\/index.php?rest_route=\/wp\/v2\/posts"}],"about":[{"href":"http:\/\/trail.camadeira.com\/index.php?rest_route=\/wp\/v2\/types\/post"}],"author":[{"embeddable":true,"href":"http:\/\/trail.camadeira.com\/index.php?rest_route=\/wp\/v2\/users\/1"}],"replies":[{"embeddable":true,"href":"http:\/\/trail.camadeira.com\/index.php?rest_route=%2Fwp%2Fv2%2Fcomments&post=1107"}],"version-history":[{"count":4,"href":"http:\/\/trail.camadeira.com\/index.php?rest_route=\/wp\/v2\/posts\/1107\/revisions"}],"predecessor-version":[{"id":1115,"href":"http:\/\/trail.camadeira.com\/index.php?rest_route=\/wp\/v2\/posts\/1107\/revisions\/1115"}],"wp:attachment":[{"href":"http:\/\/trail.camadeira.com\/index.php?rest_route=%2Fwp%2Fv2%2Fmedia&parent=1107"}],"wp:term":[{"taxonomy":"category","embeddable":true,"href":"http:\/\/trail.camadeira.com\/index.php?rest_route=%2Fwp%2Fv2%2Fcategories&post=1107"},{"taxonomy":"post_tag","embeddable":true,"href":"http:\/\/trail.camadeira.com\/index.php?rest_route=%2Fwp%2Fv2%2Ftags&post=1107"}],"curies":[{"name":"wp","href":"https:\/\/api.w.org\/{rel}","templated":true}]}}