{"id":1094,"date":"2014-10-04T12:36:52","date_gmt":"2014-10-04T11:36:52","guid":{"rendered":"http:\/\/trail.camadeira.com\/?p=1094"},"modified":"2014-10-04T12:47:56","modified_gmt":"2014-10-04T11:47:56","slug":"percurso-mwg-trail-challenge-2014","status":"publish","type":"post","link":"http:\/\/trail.camadeira.com\/?p=1094","title":{"rendered":"Percurso MWG Trail Challenge 2014"},"content":{"rendered":"<p>PERCURSO FINAL <strong>II MWG Trail Challenge<\/strong><\/p>\n<p>A organiza\u00e7\u00e3o informa que o reconhecimento ou utiliza\u00e7\u00e3o da informa\u00e7\u00e3o sobre o percurso disponibilizada \u00e9 da inteira responsabilidade dos interessados. Existem algumas passagens do percurso que poder\u00e3o ser ajustadas no dia da prova pelo que o percurso disponibilizado \u00e9, somente, uma indica\u00e7\u00e3o geral do trajeto a utilizar, para que os inscritos possam planear a sua participa\u00e7\u00e3o.<\/p>\n<p>Para obter o percurso em formato digital, nos diversos formatos poss\u00edveis, carregue no bot\u00e3o &#8220;Details&#8221; e na op\u00e7\u00e3o &#8220;Percurso como&#8221; selecione o formato pretendido.<\/p>\n<p><iframe loading=\"lazy\" src=\"http:\/\/www.gpsies.com\/mapOnly.do?fileId=amvnxchedivicjmd\" width=\"600\" height=\"400\" frameborder=\"0\" marginwidth=\"0\" marginheight=\"0\" scrolling=\"no\"><\/iframe><\/p>\n","protected":false},"excerpt":{"rendered":"<p>PERCURSO FINAL II MWG Trail Challenge A organiza\u00e7\u00e3o informa que o reconhecimento ou utiliza\u00e7\u00e3o da informa\u00e7\u00e3o sobre o percurso disponibilizada \u00e9 da inteira responsabilidade dos interessados. Existem algumas passagens do percurso que poder\u00e3o ser ajustadas no dia da prova pelo que o percurso disponibilizado \u00e9, somente, uma indica\u00e7\u00e3o geral do trajeto a utilizar, para que &hellip; <\/p>\n<p><a class=\"more-link btn\" href=\"http:\/\/trail.camadeira.com\/?p=1094\">Continue a ler<\/a><\/p>\n","protected":false},"author":1,"featured_media":0,"comment_status":"closed","ping_status":"closed","sticky":false,"template":"","format":"standard","meta":[],"categories":[1],"tags":[],"_links":{"self":[{"href":"http:\/\/trail.camadeira.com\/index.php?rest_route=\/wp\/v2\/posts\/1094"}],"collection":[{"href":"http:\/\/trail.camadeira.com\/index.php?rest_route=\/wp\/v2\/posts"}],"about":[{"href":"http:\/\/trail.camadeira.com\/index.php?rest_route=\/wp\/v2\/types\/post"}],"author":[{"embeddable":true,"href":"http:\/\/trail.camadeira.com\/index.php?rest_route=\/wp\/v2\/users\/1"}],"replies":[{"embeddable":true,"href":"http:\/\/trail.camadeira.com\/index.php?rest_route=%2Fwp%2Fv2%2Fcomments&post=1094"}],"version-history":[{"count":6,"href":"http:\/\/trail.camadeira.com\/index.php?rest_route=\/wp\/v2\/posts\/1094\/revisions"}],"predecessor-version":[{"id":1106,"href":"http:\/\/trail.camadeira.com\/index.php?rest_route=\/wp\/v2\/posts\/1094\/revisions\/1106"}],"wp:attachment":[{"href":"http:\/\/trail.camadeira.com\/index.php?rest_route=%2Fwp%2Fv2%2Fmedia&parent=1094"}],"wp:term":[{"taxonomy":"category","embeddable":true,"href":"http:\/\/trail.camadeira.com\/index.php?rest_route=%2Fwp%2Fv2%2Fcategories&post=1094"},{"taxonomy":"post_tag","embeddable":true,"href":"http:\/\/trail.camadeira.com\/index.php?rest_route=%2Fwp%2Fv2%2Ftags&post=1094"}],"curies":[{"name":"wp","href":"https:\/\/api.w.org\/{rel}","templated":true}]}}