{"id":1089,"date":"2014-09-30T15:25:35","date_gmt":"2014-09-30T14:25:35","guid":{"rendered":"http:\/\/trail.camadeira.com\/?p=1089"},"modified":"2014-09-30T15:34:56","modified_gmt":"2014-09-30T14:34:56","slug":"incricoes-encerradas","status":"publish","type":"post","link":"http:\/\/trail.camadeira.com\/?p=1089","title":{"rendered":"Inscri\u00e7\u00f5es encerradas"},"content":{"rendered":"<p><span lang=\"pt\"><span style=\"color: #000000; font-family: Segoe UI; font-size: small;\">O limite de inscri\u00e7\u00f5es foi ultrapassado.<\/p>\n<p>Os inscritos para al\u00e9m do limite estabelecido ser\u00e3o contactados por email, assim que a organiza\u00e7\u00e3o confirme a possibilidade de participa\u00e7\u00e3o no &#8220;II MWG Trail Challenge 2014&#8221;.<\/span><\/span><\/p>\n","protected":false},"excerpt":{"rendered":"<p>O limite de inscri\u00e7\u00f5es foi ultrapassado. Os inscritos para al\u00e9m do limite estabelecido ser\u00e3o contactados por email, assim que a organiza\u00e7\u00e3o confirme a possibilidade de participa\u00e7\u00e3o no &#8220;II MWG Trail Challenge 2014&#8221;.<\/p>\n","protected":false},"author":1,"featured_media":0,"comment_status":"closed","ping_status":"closed","sticky":false,"template":"","format":"standard","meta":[],"categories":[5],"tags":[],"_links":{"self":[{"href":"http:\/\/trail.camadeira.com\/index.php?rest_route=\/wp\/v2\/posts\/1089"}],"collection":[{"href":"http:\/\/trail.camadeira.com\/index.php?rest_route=\/wp\/v2\/posts"}],"about":[{"href":"http:\/\/trail.camadeira.com\/index.php?rest_route=\/wp\/v2\/types\/post"}],"author":[{"embeddable":true,"href":"http:\/\/trail.camadeira.com\/index.php?rest_route=\/wp\/v2\/users\/1"}],"replies":[{"embeddable":true,"href":"http:\/\/trail.camadeira.com\/index.php?rest_route=%2Fwp%2Fv2%2Fcomments&post=1089"}],"version-history":[{"count":4,"href":"http:\/\/trail.camadeira.com\/index.php?rest_route=\/wp\/v2\/posts\/1089\/revisions"}],"predecessor-version":[{"id":1093,"href":"http:\/\/trail.camadeira.com\/index.php?rest_route=\/wp\/v2\/posts\/1089\/revisions\/1093"}],"wp:attachment":[{"href":"http:\/\/trail.camadeira.com\/index.php?rest_route=%2Fwp%2Fv2%2Fmedia&parent=1089"}],"wp:term":[{"taxonomy":"category","embeddable":true,"href":"http:\/\/trail.camadeira.com\/index.php?rest_route=%2Fwp%2Fv2%2Fcategories&post=1089"},{"taxonomy":"post_tag","embeddable":true,"href":"http:\/\/trail.camadeira.com\/index.php?rest_route=%2Fwp%2Fv2%2Ftags&post=1089"}],"curies":[{"name":"wp","href":"https:\/\/api.w.org\/{rel}","templated":true}]}}