{"id":1078,"date":"2014-09-29T12:15:17","date_gmt":"2014-09-29T11:15:17","guid":{"rendered":"http:\/\/trail.camadeira.com\/?p=1078"},"modified":"2014-09-29T15:54:49","modified_gmt":"2014-09-29T14:54:49","slug":"abertura-de-inscricoes","status":"publish","type":"post","link":"http:\/\/trail.camadeira.com\/?p=1078","title":{"rendered":"Abertura de Inscri\u00e7\u00f5es"},"content":{"rendered":"<p><a href=\"https:\/\/docs.google.com\/forms\/d\/1YF9qGUnwgdgV6ImAFoF_yCwCRldOHQZVBTe8DgfIyF0\/viewform\" target=\"_blank\">INSCRI\u00c7\u00d5ES ON-LINE<\/a><\/p>\n<p>A organiza\u00e7\u00e3o reserva-se ao direito de fechar as inscri\u00e7\u00f5es, de acordo com o estipulado no regulamento, assim que atingido o n\u00famero limite de inscritos que \u00e9 de 150 participantes no conjunto das duas dist\u00e2ncias.<\/p>\n<p>&nbsp;<\/p>\n","protected":false},"excerpt":{"rendered":"<p>INSCRI\u00c7\u00d5ES ON-LINE A organiza\u00e7\u00e3o reserva-se ao direito de fechar as inscri\u00e7\u00f5es, de acordo com o estipulado no regulamento, assim que atingido o n\u00famero limite de inscritos que \u00e9 de 150 participantes no conjunto das duas dist\u00e2ncias. &nbsp;<\/p>\n","protected":false},"author":1,"featured_media":0,"comment_status":"closed","ping_status":"closed","sticky":false,"template":"","format":"standard","meta":[],"categories":[1],"tags":[],"_links":{"self":[{"href":"http:\/\/trail.camadeira.com\/index.php?rest_route=\/wp\/v2\/posts\/1078"}],"collection":[{"href":"http:\/\/trail.camadeira.com\/index.php?rest_route=\/wp\/v2\/posts"}],"about":[{"href":"http:\/\/trail.camadeira.com\/index.php?rest_route=\/wp\/v2\/types\/post"}],"author":[{"embeddable":true,"href":"http:\/\/trail.camadeira.com\/index.php?rest_route=\/wp\/v2\/users\/1"}],"replies":[{"embeddable":true,"href":"http:\/\/trail.camadeira.com\/index.php?rest_route=%2Fwp%2Fv2%2Fcomments&post=1078"}],"version-history":[{"count":4,"href":"http:\/\/trail.camadeira.com\/index.php?rest_route=\/wp\/v2\/posts\/1078\/revisions"}],"predecessor-version":[{"id":1085,"href":"http:\/\/trail.camadeira.com\/index.php?rest_route=\/wp\/v2\/posts\/1078\/revisions\/1085"}],"wp:attachment":[{"href":"http:\/\/trail.camadeira.com\/index.php?rest_route=%2Fwp%2Fv2%2Fmedia&parent=1078"}],"wp:term":[{"taxonomy":"category","embeddable":true,"href":"http:\/\/trail.camadeira.com\/index.php?rest_route=%2Fwp%2Fv2%2Fcategories&post=1078"},{"taxonomy":"post_tag","embeddable":true,"href":"http:\/\/trail.camadeira.com\/index.php?rest_route=%2Fwp%2Fv2%2Ftags&post=1078"}],"curies":[{"name":"wp","href":"https:\/\/api.w.org\/{rel}","templated":true}]}}