{"id":1041,"date":"2014-09-16T15:04:02","date_gmt":"2014-09-16T14:04:02","guid":{"rendered":"http:\/\/trail.camadeira.com\/?p=1041"},"modified":"2014-09-24T04:09:26","modified_gmt":"2014-09-24T03:09:26","slug":"a-ii-edicao-do-mwg-trail-challenge-realiza-se-a-12-de-outubro-2014","status":"publish","type":"post","link":"http:\/\/trail.camadeira.com\/?p=1041","title":{"rendered":"A II Edi\u00e7\u00e3o do MWG Trail Challenge realiza-se a 12 de Outubro 2014"},"content":{"rendered":"<p>O Clube Aventura da Madeira informa que a organiza\u00e7\u00e3o da 2.\u00aa Edi\u00e7\u00e3o do MWG Trail Challenge est\u00e1 agendada para o dia 12 de Outubro de 2014, nas serras do Poiso e Carreiras, concelho de Santa Cruz,<\/p>\n<p><strong>O per\u00edodo de inscri\u00e7\u00f5es decorre de 29 a 3 de outubro de 2014.<\/strong><\/p>\n<p><a href=\"http:\/\/trail.camadeira.com\/wp-content\/uploads\/2014\/09\/partida-mwg-trail.jpg\"><img loading=\"lazy\" class=\"aligncenter  wp-image-1068\" src=\"http:\/\/trail.camadeira.com\/wp-content\/uploads\/2014\/09\/partida-mwg-trail.jpg\" alt=\"partida-mwg-trail\" width=\"717\" height=\"556\" srcset=\"http:\/\/trail.camadeira.com\/wp-content\/uploads\/2014\/09\/partida-mwg-trail.jpg 989w, http:\/\/trail.camadeira.com\/wp-content\/uploads\/2014\/09\/partida-mwg-trail-300x232.jpg 300w\" sizes=\"(max-width: 717px) 100vw, 717px\" \/><\/a><\/p>\n<p>&nbsp;<\/p>\n<p><a href=\"http:\/\/trail.camadeira.com\/wp-content\/uploads\/2014\/09\/banner-copy.jpg\"><img loading=\"lazy\" class=\"aligncenter  wp-image-1043\" src=\"http:\/\/trail.camadeira.com\/wp-content\/uploads\/2014\/09\/banner-copy.jpg\" alt=\"banner copy\" width=\"727\" height=\"346\" srcset=\"http:\/\/trail.camadeira.com\/wp-content\/uploads\/2014\/09\/banner-copy.jpg 800w, http:\/\/trail.camadeira.com\/wp-content\/uploads\/2014\/09\/banner-copy-300x142.jpg 300w\" sizes=\"(max-width: 727px) 100vw, 727px\" \/><\/a><\/p>\n","protected":false},"excerpt":{"rendered":"<p>O Clube Aventura da Madeira informa que a organiza\u00e7\u00e3o da 2.\u00aa Edi\u00e7\u00e3o do MWG Trail Challenge est\u00e1 agendada para o dia 12 de Outubro de 2014, nas serras do Poiso e Carreiras, concelho de Santa Cruz, O per\u00edodo de inscri\u00e7\u00f5es decorre de 29 a 3 de outubro de 2014. &nbsp;<\/p>\n","protected":false},"author":1,"featured_media":0,"comment_status":"closed","ping_status":"closed","sticky":false,"template":"","format":"standard","meta":[],"categories":[1],"tags":[],"_links":{"self":[{"href":"http:\/\/trail.camadeira.com\/index.php?rest_route=\/wp\/v2\/posts\/1041"}],"collection":[{"href":"http:\/\/trail.camadeira.com\/index.php?rest_route=\/wp\/v2\/posts"}],"about":[{"href":"http:\/\/trail.camadeira.com\/index.php?rest_route=\/wp\/v2\/types\/post"}],"author":[{"embeddable":true,"href":"http:\/\/trail.camadeira.com\/index.php?rest_route=\/wp\/v2\/users\/1"}],"replies":[{"embeddable":true,"href":"http:\/\/trail.camadeira.com\/index.php?rest_route=%2Fwp%2Fv2%2Fcomments&post=1041"}],"version-history":[{"count":11,"href":"http:\/\/trail.camadeira.com\/index.php?rest_route=\/wp\/v2\/posts\/1041\/revisions"}],"predecessor-version":[{"id":1077,"href":"http:\/\/trail.camadeira.com\/index.php?rest_route=\/wp\/v2\/posts\/1041\/revisions\/1077"}],"wp:attachment":[{"href":"http:\/\/trail.camadeira.com\/index.php?rest_route=%2Fwp%2Fv2%2Fmedia&parent=1041"}],"wp:term":[{"taxonomy":"category","embeddable":true,"href":"http:\/\/trail.camadeira.com\/index.php?rest_route=%2Fwp%2Fv2%2Fcategories&post=1041"},{"taxonomy":"post_tag","embeddable":true,"href":"http:\/\/trail.camadeira.com\/index.php?rest_route=%2Fwp%2Fv2%2Ftags&post=1041"}],"curies":[{"name":"wp","href":"https:\/\/api.w.org\/{rel}","templated":true}]}}