{"id":1033,"date":"2014-06-29T02:04:10","date_gmt":"2014-06-29T01:04:10","guid":{"rendered":"http:\/\/trail.camadeira.com\/?p=1033"},"modified":"2014-08-27T02:09:48","modified_gmt":"2014-08-27T01:09:48","slug":"leonardo-diogo-20-o-no-campeonato-do-mundo-de-ultra-skyrunning-27-junho","status":"publish","type":"post","link":"http:\/\/trail.camadeira.com\/?p=1033","title":{"rendered":"Leonardo Diogo 20.\u00ba no Campeonato do Mundo de Ultra Skyrunning &#8211; 27 junho"},"content":{"rendered":"<p><span style=\"color: #141823;\">Uma excelente participa\u00e7\u00e3o do atleta madeirense a representar Portugal, na sele\u00e7\u00e3o nacional de SKYRUNNING. O atleta do Clube Aventura da Madeira conseguiu a 20.\u00aa posi\u00e7\u00e3o entre 1118 atletas que partiram 27 para disputar os 80km com 6600m D+. No<\/span><span class=\"text_exposed_show\" style=\"color: #141823;\">\u00a0seu escal\u00e3o V1 conseguiu a 5.\u00aa posi\u00e7\u00e3o. Leonardo concluiu a sua prova com o tempo 12:15:15, num grande ambiente, com muito p\u00fablico que invade Chamonix no apoio aos atletas.<\/span><\/p>\n<p>Gon\u00e7alo Silva, n\u00e3o sendo a sua especialidade o KM Vertical, aceitou o convite e obteve um bom resultado, 284.\u00ba entre os 404 atletas que partiram. Gon\u00e7alo realizou a subida de 3,8km de extens\u00e3o com 1000m de desn\u00edvel positivo em 1:02:01.<\/p>\n<p>Parab\u00e9ns aos dois madeirenses que marcaram presen\u00e7a nos Campeonatos do Mundo de Skyrunning!<\/p>\n<p><a href=\"http:\/\/trail.camadeira.com\/wp-content\/uploads\/2014\/08\/10487588_10152160079782337_2745679376321669244_n.jpg\"><img loading=\"lazy\" class=\"aligncenter size-full wp-image-1028\" src=\"http:\/\/trail.camadeira.com\/wp-content\/uploads\/2014\/08\/10487588_10152160079782337_2745679376321669244_n.jpg\" alt=\"10487588_10152160079782337_2745679376321669244_n\" width=\"480\" height=\"640\" srcset=\"http:\/\/trail.camadeira.com\/wp-content\/uploads\/2014\/08\/10487588_10152160079782337_2745679376321669244_n.jpg 480w, http:\/\/trail.camadeira.com\/wp-content\/uploads\/2014\/08\/10487588_10152160079782337_2745679376321669244_n-225x300.jpg 225w\" sizes=\"(max-width: 480px) 100vw, 480px\" \/><\/a><\/p>\n<p>&nbsp;<\/p>\n<p style=\"text-align: center;\">Leonardo Diogo na chegada do Campoenato do Mundo de Ultra Skyrunning<\/p>\n<p><a href=\"http:\/\/trail.camadeira.com\/wp-content\/uploads\/2014\/08\/10441467_10152160079907337_579661937025531302_n.jpg\"><img loading=\"lazy\" class=\"aligncenter  wp-image-1034\" src=\"http:\/\/trail.camadeira.com\/wp-content\/uploads\/2014\/08\/10441467_10152160079907337_579661937025531302_n.jpg\" alt=\"10441467_10152160079907337_579661937025531302_n\" width=\"479\" height=\"639\" srcset=\"http:\/\/trail.camadeira.com\/wp-content\/uploads\/2014\/08\/10441467_10152160079907337_579661937025531302_n.jpg 720w, http:\/\/trail.camadeira.com\/wp-content\/uploads\/2014\/08\/10441467_10152160079907337_579661937025531302_n-225x300.jpg 225w\" sizes=\"(max-width: 479px) 100vw, 479px\" \/><\/a><\/p>\n","protected":false},"excerpt":{"rendered":"<p>Uma excelente participa\u00e7\u00e3o do atleta madeirense a representar Portugal, na sele\u00e7\u00e3o nacional de SKYRUNNING. O atleta do Clube Aventura da Madeira conseguiu a 20.\u00aa posi\u00e7\u00e3o entre 1118 atletas que partiram 27 para disputar os 80km com 6600m D+. No\u00a0seu escal\u00e3o V1 conseguiu a 5.\u00aa posi\u00e7\u00e3o. Leonardo concluiu a sua prova com o tempo 12:15:15, num &hellip; <\/p>\n<p><a class=\"more-link btn\" href=\"http:\/\/trail.camadeira.com\/?p=1033\">Continue a ler<\/a><\/p>\n","protected":false},"author":1,"featured_media":0,"comment_status":"closed","ping_status":"closed","sticky":false,"template":"","format":"standard","meta":[],"categories":[1],"tags":[],"_links":{"self":[{"href":"http:\/\/trail.camadeira.com\/index.php?rest_route=\/wp\/v2\/posts\/1033"}],"collection":[{"href":"http:\/\/trail.camadeira.com\/index.php?rest_route=\/wp\/v2\/posts"}],"about":[{"href":"http:\/\/trail.camadeira.com\/index.php?rest_route=\/wp\/v2\/types\/post"}],"author":[{"embeddable":true,"href":"http:\/\/trail.camadeira.com\/index.php?rest_route=\/wp\/v2\/users\/1"}],"replies":[{"embeddable":true,"href":"http:\/\/trail.camadeira.com\/index.php?rest_route=%2Fwp%2Fv2%2Fcomments&post=1033"}],"version-history":[{"count":2,"href":"http:\/\/trail.camadeira.com\/index.php?rest_route=\/wp\/v2\/posts\/1033\/revisions"}],"predecessor-version":[{"id":1036,"href":"http:\/\/trail.camadeira.com\/index.php?rest_route=\/wp\/v2\/posts\/1033\/revisions\/1036"}],"wp:attachment":[{"href":"http:\/\/trail.camadeira.com\/index.php?rest_route=%2Fwp%2Fv2%2Fmedia&parent=1033"}],"wp:term":[{"taxonomy":"category","embeddable":true,"href":"http:\/\/trail.camadeira.com\/index.php?rest_route=%2Fwp%2Fv2%2Fcategories&post=1033"},{"taxonomy":"post_tag","embeddable":true,"href":"http:\/\/trail.camadeira.com\/index.php?rest_route=%2Fwp%2Fv2%2Ftags&post=1033"}],"curies":[{"name":"wp","href":"https:\/\/api.w.org\/{rel}","templated":true}]}}