{"id":1026,"date":"2014-08-27T01:50:32","date_gmt":"2014-08-27T00:50:32","guid":{"rendered":"http:\/\/trail.camadeira.com\/?p=1026"},"modified":"2014-08-27T02:12:00","modified_gmt":"2014-08-27T01:12:00","slug":"ultra-trail-du-mont-blanc-2014","status":"publish","type":"post","link":"http:\/\/trail.camadeira.com\/?p=1026","title":{"rendered":"ULTRA TRAIL DU MONT BLANC\u00ae 2014"},"content":{"rendered":"<p><strong><span style=\"color: #141823;\">Leonardo Diogo, Jo\u00e3o Nunes, Gon\u00e7alo Silva e Pedro Alves na capital do Trail Running<\/span><\/strong><br style=\"color: #141823;\" \/><br style=\"color: #141823;\" \/><span style=\"color: #141823;\">Chamonix &#8211; Fran\u00e7a recebe a maior prova de Trail Running do mundo, com os seus cinco percursos e a possibilidade de receber 7300 atletas. As provas decorrem no maci\u00e7<\/span><span class=\"text_exposed_show\" style=\"color: #141823;\">o do Monte Branco, utilizando trilhos em redor da montanha mais alta dos Alpes, entre Fran\u00e7a, It\u00e1lia e Su\u00ed\u00e7a.<\/span><\/p>\n<p>A prova principal \u00e9 o UTMB\u00ae 168km, que apresenta 9600m de desn\u00edvel positivo acumulado. O atleta do Clube Aventura da Madeira, Leonardo Diogo, ser\u00e1 o representante da Madeira \u00e0 partida desta importante prova, com partida prevista para a pr\u00f3xima sexta-feira, pelas 17h30 de Chamonix-Fran\u00e7a.<\/p>\n<p>O atleta regressa a Chamonix dois meses depois de ter conquistado, no mesmo terreno, a 20.\u00aa posi\u00e7\u00e3o absoluta no Campeonato do Mundo de Ultra Skyrunning, num percurso com 80km 6600m D+, novamente com a expetativa de mais um bom resultado, desta vez na vertente de Trail Running. Acompanha o atleta madeirense neste desafio, o reputado atleta continental, Carlos S\u00e1.<br \/>\nPara seguir a prova UTMB\u00ae siga o link:\u00a0<a style=\"color: #3b5998;\" href=\"http:\/\/l.facebook.com\/l.php?u=http%3A%2F%2Futmb.livetrail.net%2Fparcours.php%3Fcourse%3Dutmb&amp;h=jAQEhazzj&amp;enc=AZO0rnwmhqRtyq3eZiar4b2zBllWRzk-B_PljlXZiZtgzRxgOtzxF8drBaviE2c6Ekg1_l42WT7DVK1rgc2Y-IIkJKHFhxamiunRHjTvrcSwjW8MtLvgqvG-ETbYN1kPy6aKR-T61Z6ypca-SzEOoHde&amp;s=1\" target=\"_blank\" rel=\"nofollow nofollow\">http:\/\/utmb.livetrail.net\/parcours.php?course=utmb<\/a><\/p>\n<p>Jo\u00e3o Nunes estreia-se em provas internacionais, e est\u00e1 inscrito na TDS\u00ae, a mais t\u00e9cnica das provas do evento, pois percorre trilhos muito t\u00e9cnicos, com passagens em terrenos in\u00f3spitos. A partida est\u00e1 prevista para esta quarta-feira pelas 7h00 da manh\u00e3 em Courmayeur &#8211; It\u00e1lia.<br \/>\nPara seguir a prova TDS\u00ae siga o link:\u00a0<a style=\"color: #3b5998;\" href=\"http:\/\/l.facebook.com\/l.php?u=http%3A%2F%2Futmb.livetrail.net%2Fparcours.php%3Fcourse%3Dtds&amp;h=PAQGmPndX&amp;enc=AZOfH4eiYJ6OCbzN9srBrEmmvpK3sijPn8yQhiBvocYin9hcnoEkf6ZcQbonaoNoth5ww1F1tcAVgjZm_2sFH5T6hWnF0Lrxl0uyeEHo_MuZ3eHm1SlL6mCoSta-FnK07s6Q1514_QekXccHV51jeTB6&amp;s=1\" target=\"_blank\" rel=\"nofollow nofollow\">http:\/\/utmb.livetrail.net\/parcours.php?course=tds<\/a><\/p>\n<p>J\u00e1 em prova est\u00e3o Gon\u00e7alo Silva e Pedro Alves, que participam em equipa patrocinada pelo \u201cTemmos Hotels\u201d, com um colega Franc\u00eas, num dos maiores desafios propostos pela organiza\u00e7\u00e3o, 295km e 26500 metros de desn\u00edvel positivo acumulado, com um tempo m\u00e1ximo 142horas para cumprir o percurso, que n\u00e3o est\u00e1 balizado, tendo os atletas que seguir as indica\u00e7\u00f5es de GPS.<\/p>\n<p>Seguir a prova de Gon\u00e7alo Silva\/Pedro Alves :\u00a0<a style=\"color: #3b5998;\" href=\"http:\/\/utmb.livetrail.net\/coureur.php?rech=10920\" target=\"_blank\" rel=\"nofollow nofollow\">http:\/\/utmb.livetrail.net\/coureur.php?rech=10920<\/a><\/p>\n<p>No conjunto das provas do UTMB\u00ae, participam ainda 8 madeirenses, que representam o <a href=\"http:\/\/cmofunchal.org\/16\/index.php\/en-GB\/78-trail-running\/177-o-cmof-no-monte-banco-2014-utmb\">Clube de Montanha do Funchal<\/a><\/p>\n<p>&nbsp;<\/p>\n\n\t\t<style type=\"text\/css\">\n\t\t\t#gallery-1 {\n\t\t\t\tmargin: auto;\n\t\t\t}\n\t\t\t#gallery-1 .gallery-item {\n\t\t\t\tfloat: left;\n\t\t\t\tmargin-top: 10px;\n\t\t\t\ttext-align: center;\n\t\t\t\twidth: 33%;\n\t\t\t}\n\t\t\t#gallery-1 img {\n\t\t\t\tborder: 2px solid #cfcfcf;\n\t\t\t}\n\t\t\t#gallery-1 .gallery-caption {\n\t\t\t\tmargin-left: 0;\n\t\t\t}\n\t\t\t\/* see gallery_shortcode() in wp-includes\/media.php *\/\n\t\t<\/style>\n\t\t<div id='gallery-1' class='gallery galleryid-1026 gallery-columns-3 gallery-size-thumbnail'><dl class='gallery-item'>\n\t\t\t<dt class='gallery-icon portrait'>\n\t\t\t\t<a href='http:\/\/trail.camadeira.com\/?attachment_id=1028'><img width=\"150\" height=\"150\" src=\"http:\/\/trail.camadeira.com\/wp-content\/uploads\/2014\/08\/10487588_10152160079782337_2745679376321669244_n-150x150.jpg\" class=\"attachment-thumbnail size-thumbnail\" alt=\"\" loading=\"lazy\" \/><\/a>\n\t\t\t<\/dt><\/dl><dl class='gallery-item'>\n\t\t\t<dt class='gallery-icon landscape'>\n\t\t\t\t<a href='http:\/\/trail.camadeira.com\/?attachment_id=1030'><img width=\"150\" height=\"150\" src=\"http:\/\/trail.camadeira.com\/wp-content\/uploads\/2014\/08\/DSC09898-150x150.jpg\" class=\"attachment-thumbnail size-thumbnail\" alt=\"\" loading=\"lazy\" \/><\/a>\n\t\t\t<\/dt><\/dl><dl class='gallery-item'>\n\t\t\t<dt class='gallery-icon portrait'>\n\t\t\t\t<a href='http:\/\/trail.camadeira.com\/?attachment_id=1027'><img width=\"150\" height=\"150\" src=\"http:\/\/trail.camadeira.com\/wp-content\/uploads\/2014\/08\/15400_1453847291547620_4559645097342340701_n-150x150.jpg\" class=\"attachment-thumbnail size-thumbnail\" alt=\"\" loading=\"lazy\" \/><\/a>\n\t\t\t<\/dt><\/dl><br style=\"clear: both\" \/><dl class='gallery-item'>\n\t\t\t<dt class='gallery-icon portrait'>\n\t\t\t\t<a href='http:\/\/trail.camadeira.com\/?attachment_id=1029'><img width=\"150\" height=\"150\" src=\"http:\/\/trail.camadeira.com\/wp-content\/uploads\/2014\/08\/10590408_149148935260238_7967651436032571322_n-150x150.jpg\" class=\"attachment-thumbnail size-thumbnail\" alt=\"\" loading=\"lazy\" \/><\/a>\n\t\t\t<\/dt><\/dl>\n\t\t\t<br style='clear: both' \/>\n\t\t<\/div>\n\n","protected":false},"excerpt":{"rendered":"<p>Leonardo Diogo, Jo\u00e3o Nunes, Gon\u00e7alo Silva e Pedro Alves na capital do Trail RunningChamonix &#8211; Fran\u00e7a recebe a maior prova de Trail Running do mundo, com os seus cinco percursos e a possibilidade de receber 7300 atletas. As provas decorrem no maci\u00e7o do Monte Branco, utilizando trilhos em redor da montanha mais alta dos Alpes, &hellip; <\/p>\n<p><a class=\"more-link btn\" href=\"http:\/\/trail.camadeira.com\/?p=1026\">Continue a ler<\/a><\/p>\n","protected":false},"author":1,"featured_media":0,"comment_status":"closed","ping_status":"closed","sticky":false,"template":"","format":"standard","meta":[],"categories":[1],"tags":[],"_links":{"self":[{"href":"http:\/\/trail.camadeira.com\/index.php?rest_route=\/wp\/v2\/posts\/1026"}],"collection":[{"href":"http:\/\/trail.camadeira.com\/index.php?rest_route=\/wp\/v2\/posts"}],"about":[{"href":"http:\/\/trail.camadeira.com\/index.php?rest_route=\/wp\/v2\/types\/post"}],"author":[{"embeddable":true,"href":"http:\/\/trail.camadeira.com\/index.php?rest_route=\/wp\/v2\/users\/1"}],"replies":[{"embeddable":true,"href":"http:\/\/trail.camadeira.com\/index.php?rest_route=%2Fwp%2Fv2%2Fcomments&post=1026"}],"version-history":[{"count":4,"href":"http:\/\/trail.camadeira.com\/index.php?rest_route=\/wp\/v2\/posts\/1026\/revisions"}],"predecessor-version":[{"id":1039,"href":"http:\/\/trail.camadeira.com\/index.php?rest_route=\/wp\/v2\/posts\/1026\/revisions\/1039"}],"wp:attachment":[{"href":"http:\/\/trail.camadeira.com\/index.php?rest_route=%2Fwp%2Fv2%2Fmedia&parent=1026"}],"wp:term":[{"taxonomy":"category","embeddable":true,"href":"http:\/\/trail.camadeira.com\/index.php?rest_route=%2Fwp%2Fv2%2Fcategories&post=1026"},{"taxonomy":"post_tag","embeddable":true,"href":"http:\/\/trail.camadeira.com\/index.php?rest_route=%2Fwp%2Fv2%2Ftags&post=1026"}],"curies":[{"name":"wp","href":"https:\/\/api.w.org\/{rel}","templated":true}]}}